{"id":2079,"date":"2021-06-11T12:23:42","date_gmt":"2021-06-11T11:23:42","guid":{"rendered":"https:\/\/www.spadreams.fr\/blog\/?p=2079"},"modified":"2021-06-14T09:27:03","modified_gmt":"2021-06-14T08:27:03","slug":"interview-avec-le-dr-matejka-jeune-therapeutique","status":"publish","type":"post","link":"https:\/\/www.spadreams.fr\/blog\/interview-avec-le-dr-matejka-jeune-therapeutique\/","title":{"rendered":"Clinique Malteser de Weckbecker &#8211; Interview avec le Dr. Matejka"},"content":{"rendered":"\n<div class=\"wp-block-columns is-layout-flex wp-container-3 wp-block-columns-is-layout-flex\">\n<div class=\"wp-block-column is-layout-flow wp-block-column-is-layout-flow\" style=\"flex-basis:66.66%\">\n<p>Cette ann\u00e9e, nous avons re\u00e7u le soutien pr\u00e9cieux du Dr Matejka. Il est le <strong>m\u00e9decin-chef de la Malteser Klinik von Weckbecker \u00e0 Bad Br\u00fcckenau<\/strong> et je\u00fbne lui-m\u00eame r\u00e9guli\u00e8rement. Son nouveau livre &#8220;Fasting heals&#8221; (disponible en allemand, &#8220;Fasten heilt&#8221;) a r\u00e9cemment \u00e9t\u00e9 publi\u00e9. Vous pouvez en avoir un petit aper\u00e7u dans cette interview ! Cette interview a \u00e9t\u00e9 traduite de l&#8217;allemand.<\/p>\n<\/div>\n\n\n\n<div class=\"wp-block-column is-layout-flow wp-block-column-is-layout-flow\" style=\"flex-basis:33.33%\">\n<figure class=\"wp-block-image size-large is-resized\"><img decoding=\"async\" loading=\"lazy\" src=\"https:\/\/www.spadreams.fr\/blog\/wp-content\/uploads\/sites\/8\/2021\/06\/Blog2_Photo1_Portrait-1-680x1024.jpg\" alt=\"Portrait du Dr Matejke, m\u00e9decin-chef de la clinique Malteser Klinik de Weckbecker.\" class=\"wp-image-2101\" width=\"101\" height=\"151\" srcset=\"https:\/\/www.spadreams.fr\/blog\/wp-content\/uploads\/sites\/8\/2021\/06\/Blog2_Photo1_Portrait-1-680x1024.jpg 680w, https:\/\/www.spadreams.fr\/blog\/wp-content\/uploads\/sites\/8\/2021\/06\/Blog2_Photo1_Portrait-1-199x300.jpg 199w, https:\/\/www.spadreams.fr\/blog\/wp-content\/uploads\/sites\/8\/2021\/06\/Blog2_Photo1_Portrait-1-768x1156.jpg 768w, https:\/\/www.spadreams.fr\/blog\/wp-content\/uploads\/sites\/8\/2021\/06\/Blog2_Photo1_Portrait-1-1020x1536.jpg 1020w, https:\/\/www.spadreams.fr\/blog\/wp-content\/uploads\/sites\/8\/2021\/06\/Blog2_Photo1_Portrait-1-scaled.jpg 1360w, https:\/\/www.spadreams.fr\/blog\/wp-content\/uploads\/sites\/8\/2021\/06\/Blog2_Photo1_Portrait-1-1275x1920.jpg 1275w, https:\/\/www.spadreams.fr\/blog\/wp-content\/uploads\/sites\/8\/2021\/06\/Blog2_Photo1_Portrait-1-600x903.jpg 600w, https:\/\/www.spadreams.fr\/blog\/wp-content\/uploads\/sites\/8\/2021\/06\/Blog2_Photo1_Portrait-1-800x1204.jpg 800w\" sizes=\"(max-width: 101px) 100vw, 101px\" \/><\/figure>\n<\/div>\n<\/div>\n\n\n\n<h2 class=\"wp-block-heading\"><strong>Cher Dr Matejka, nous vous remercions d&#8217;avoir pris le temps de r\u00e9pondre \u00e0 nos questions aujourd&#8217;hui ! Vous \u00eates le m\u00e9decin-chef de la Maltester Klinik von Weckbecker, l&#8217;une des cliniques les plus r\u00e9put\u00e9es pour les m\u00e9thodes de gu\u00e9rison naturelles. Vous avez vous-m\u00eame \u00e9t\u00e9 l&#8217;\u00e9l\u00e8ve du Dr Erich Weckbecker. Qu&#8217;est-ce qui vous a le plus impressionn\u00e9 dans son travail ?<\/strong><\/h2>\n\n\n\n<p>En allemand, il y a un dicton concernant la passion d&#8217;une personne :&nbsp; <strong>\u2018\u2018Pour enflammer les autres, il faut br\u00fbler soi-m\u00eame\u2019\u2019.<\/strong> Ce dicton s&#8217;applique au Dr von Weckbecker. Sans se laisser d\u00e9courager par les nombreuses r\u00e9sistances et oppositions de ses coll\u00e8gues, il a mis en \u0153uvre avec succ\u00e8s et de mani\u00e8re coh\u00e9rente son concept de <strong>je\u00fbne th\u00e9rapeutique combin\u00e9 \u00e0 des traitements biologiques d&#8217;accompagnement<\/strong> tels que la physioth\u00e9rapie et, surtout, les m\u00e9thodes Kneipp, et ce pendant plusieurs d\u00e9cennies.<\/p>\n\n\n\n<figure class=\"wp-block-image size-large\"><img decoding=\"async\" loading=\"lazy\" width=\"942\" height=\"628\" src=\"https:\/\/www.spadreams.fr\/blog\/wp-content\/uploads\/sites\/8\/2021\/06\/Blog2_Photo2_Copyright.jpg\" alt=\"Photo de la clinique Malteser Klinik de Weckbecker en Allemagne.\" class=\"wp-image-2081\" srcset=\"https:\/\/www.spadreams.fr\/blog\/wp-content\/uploads\/sites\/8\/2021\/06\/Blog2_Photo2_Copyright.jpg 942w, https:\/\/www.spadreams.fr\/blog\/wp-content\/uploads\/sites\/8\/2021\/06\/Blog2_Photo2_Copyright-300x200.jpg 300w, https:\/\/www.spadreams.fr\/blog\/wp-content\/uploads\/sites\/8\/2021\/06\/Blog2_Photo2_Copyright-768x512.jpg 768w, https:\/\/www.spadreams.fr\/blog\/wp-content\/uploads\/sites\/8\/2021\/06\/Blog2_Photo2_Copyright-600x400.jpg 600w, https:\/\/www.spadreams.fr\/blog\/wp-content\/uploads\/sites\/8\/2021\/06\/Blog2_Photo2_Copyright-800x533.jpg 800w, https:\/\/www.spadreams.fr\/blog\/wp-content\/uploads\/sites\/8\/2021\/06\/Blog2_Photo2_Copyright-227x152.jpg 227w, https:\/\/www.spadreams.fr\/blog\/wp-content\/uploads\/sites\/8\/2021\/06\/Blog2_Photo2_Copyright-143x96.jpg 143w, https:\/\/www.spadreams.fr\/blog\/wp-content\/uploads\/sites\/8\/2021\/06\/Blog2_Photo2_Copyright-585x390.jpg 585w, https:\/\/www.spadreams.fr\/blog\/wp-content\/uploads\/sites\/8\/2021\/06\/Blog2_Photo2_Copyright-385x257.jpg 385w\" sizes=\"(max-width: 942px) 100vw, 942px\" \/><figcaption><strong>\u00a9Malteser Klinik von Weckbecker<\/strong><br>C&#8217;est l\u00e0 que le Dr Rainer Matejka, m\u00e9decin-chef de la clinique Malteser von Weckbecker, exerce son activit\u00e9.<\/figcaption><\/figure>\n\n\n\n<h2 class=\"wp-block-heading\"><strong>Votre nouveau livre &#8220;Fasting Heals&#8221; parle de l&#8217;effet curatif du je\u00fbne. Dans quelle mesure le je\u00fbne peut-il r\u00e9ellement avoir un effet curatif et ne pas se contenter de soulager des maux ? Et je\u00fbnez-vous r\u00e9guli\u00e8rement vous-m\u00eame ?<\/strong><\/h2>\n\n\n\n<p>En particulier dans le cas de <strong>pathologies li\u00e9es au mode de vie<\/strong>, dans lesquelles les questions nutritionnelles jouent toujours un r\u00f4le important, le je\u00fbne th\u00e9rapeutique peut effectivement avoir un <strong>effet curatif<\/strong> b\u00e9n\u00e9fique. Pensons \u00e0 ce que l&#8217;on appelle le &#8220;syndrome m\u00e9tabolique&#8221;. Celui-ci comprend l&#8217;ob\u00e9sit\u00e9, le diab\u00e8te du type 2, l&#8217;hypertension art\u00e9rielle et d&#8217;autres facteurs de risque pour le c\u0153ur. Les personnes ressentant des douleurs aux articulations qui augmentent avec les mouvements (signe d&#8217;une arthrose naissante) b\u00e9n\u00e9ficient \u00e9galement d&#8217;un traitement pr\u00e9ventif. Nous obtenons \u00e9galement de bons r\u00e9sultats avec la migraine.<\/p>\n\n\n\n<p>Avec d&#8217;autres maladies syst\u00e9miques, par exemple les maladies rhumatismales inflammatoires chroniques, mais aussi en partie des maladies neurologiques comme la scl\u00e9rose en plaques ou la maladie de Parkinson, nous pouvons obtenir un <strong>soulagement<\/strong>. Cela signifie que la maladie n&#8217;a pas disparu, mais que les patients se sentent mieux. Le patient atteint de la maladie de Parkinson constate par exemple que la raideur, qui affecte particuli\u00e8rement de nombreux patients atteints de cette maladie, s&#8217;est att\u00e9nu\u00e9e. Le je\u00fbne a \u00e9galement un effet positif et durable sur les \u00e9tats de fatigue et le besoin de &#8220;remise \u00e0 z\u00e9ro&#8221;, comme on entend de plus en plus souvent aujourd&#8217;hui. Je pratique moi-m\u00eame r\u00e9guli\u00e8rement le je\u00fbne par intervalles depuis un certain temps, environ 3x\/semaine.<\/p>\n\n\n\n<figure class=\"wp-block-image size-large\"><img decoding=\"async\" loading=\"lazy\" width=\"1024\" height=\"731\" src=\"https:\/\/www.spadreams.fr\/blog\/wp-content\/uploads\/sites\/8\/2021\/06\/Blog2_Photo3-1024x731.jpg\" alt=\"Je\u00fbne intermittent, trois assiettes, une vide, une avec une horloge et une avec un repas compos\u00e9 d'avocat, d'\u0153uf, de tomates et de lard.\" class=\"wp-image-2082\" srcset=\"https:\/\/www.spadreams.fr\/blog\/wp-content\/uploads\/sites\/8\/2021\/06\/Blog2_Photo3-1024x731.jpg 1024w, https:\/\/www.spadreams.fr\/blog\/wp-content\/uploads\/sites\/8\/2021\/06\/Blog2_Photo3-300x214.jpg 300w, https:\/\/www.spadreams.fr\/blog\/wp-content\/uploads\/sites\/8\/2021\/06\/Blog2_Photo3-768x548.jpg 768w, https:\/\/www.spadreams.fr\/blog\/wp-content\/uploads\/sites\/8\/2021\/06\/Blog2_Photo3-1536x1097.jpg 1536w, https:\/\/www.spadreams.fr\/blog\/wp-content\/uploads\/sites\/8\/2021\/06\/Blog2_Photo3-1920x1371.jpg 1920w, https:\/\/www.spadreams.fr\/blog\/wp-content\/uploads\/sites\/8\/2021\/06\/Blog2_Photo3-600x428.jpg 600w, https:\/\/www.spadreams.fr\/blog\/wp-content\/uploads\/sites\/8\/2021\/06\/Blog2_Photo3-800x571.jpg 800w, https:\/\/www.spadreams.fr\/blog\/wp-content\/uploads\/sites\/8\/2021\/06\/Blog2_Photo3.jpg 2000w\" sizes=\"(max-width: 1024px) 100vw, 1024px\" \/><\/figure>\n\n\n\n<h2 class=\"wp-block-heading\"><strong>Le je\u00fbne est cens\u00e9 aider \u00e0 soigner les maladies auto-immunes et cutan\u00e9es, ainsi que les maladies neurologiques. Dans quels domaines pensez-vous que le je\u00fbne offre des chances de succ\u00e8s particuli\u00e8rement \u00e9lev\u00e9es ? Quelles sont, par ailleurs, les limites de son efficacit\u00e9 ?<\/strong><\/h2>\n\n\n\n<p>Les limites du je\u00fbne se situent bien entendu l\u00e0 o\u00f9 il existe d&#8217;\u00e9ventuelles <strong>contre-indications<\/strong>. C&#8217;est le cas, par exemple, de nombreuses maladies psychiatriques, notamment la schizophr\u00e9nie, les crises d&#8217;angoisse et de panique, les \u00e9tats obsessionnels compulsifs, les d\u00e9lires. Un cancer d\u00e9clar\u00e9 est \u00e9galement consid\u00e9r\u00e9 comme une contre-indication. Il est certain qu&#8217;un d\u00e9ficit pond\u00e9ral en soi est \u00e9galement une contre-indication, de m\u00eame que la vieillesse.<\/p>\n\n\n\n<p>Dans notre centre de cure, nous veillons \u00e0 ne pas laisser les patients je\u00fbner sans exp\u00e9rience pr\u00e9alable du je\u00fbne \u00e0 partir de l&#8217;\u00e2ge de 75 ans au plus tard. Pour les exp\u00e9riment\u00e9s du je\u00fbne, nous fixons la limite \u00e0 85 ans au plus tard, ce qui n&#8217;est pas toujours bien appr\u00e9ci\u00e9 par les patients&#8230;<\/p>\n\n\n\n<h2 class=\"wp-block-heading\"><strong>Pouvez-vous nous expliquer quels processus sont d\u00e9clench\u00e9s dans le corps pendant le je\u00fbne ? Pourquoi le fait de s&#8217;abstenir occasionnellement de manger est-il si sain ?<\/strong><\/h2>\n\n\n\n<p>Depuis des dizaines d&#8217;ann\u00e9es, le je\u00fbne s&#8217;explique par des <strong>effets d\u00e9toxifiants et purifiants<\/strong>. Ce langage parl\u00e9 n\u2019est pas accept\u00e9 par la <strong>m\u00e9decine scientifique moderne<\/strong>. Gr\u00e2ce \u00e0 la recherche fondamentale de ces derni\u00e8res ann\u00e9es, nous en savons plus.<\/p>\n\n\n\n<p>Chaque cellule humaine est soumise \u00e0 un <strong>processus d&#8217;auto-nettoyage<\/strong> contr\u00f4l\u00e9 g\u00e9n\u00e9tiquement. Elle est capable de regrouper et de rejeter les produits de d\u00e9gradation inutiles ou toxiques dans le milieu extra cellulaire (par exemple les prot\u00e9ines) ou bien de <strong>recycler<\/strong> ce qui est encore utilisable. En bref, nos cellules se <strong>renouvellent compl\u00e8tement<\/strong> et r\u00e9guli\u00e8rement. Avec l&#8217;\u00e2ge, cette capacit\u00e9 de r\u00e9g\u00e9n\u00e9ration diminue et les maladies deviennent plus fr\u00e9quentes. <strong>Le je\u00fbne est le moyen de stimuler \u00e0 nouveau cette capacit\u00e9 d\u2019auto-r\u00e9g\u00e9n\u00e9ration<\/strong>.<\/p>\n\n\n\n<figure class=\"wp-block-image size-large\"><img decoding=\"async\" loading=\"lazy\" width=\"1024\" height=\"682\" src=\"https:\/\/www.spadreams.fr\/blog\/wp-content\/uploads\/sites\/8\/2021\/06\/Blog2_Photo4-1024x682.jpg\" alt=\"Un verre d'eau favorisant le je\u00fbne th\u00e9rapeutique.\" class=\"wp-image-2085\" srcset=\"https:\/\/www.spadreams.fr\/blog\/wp-content\/uploads\/sites\/8\/2021\/06\/Blog2_Photo4-1024x682.jpg 1024w, https:\/\/www.spadreams.fr\/blog\/wp-content\/uploads\/sites\/8\/2021\/06\/Blog2_Photo4-300x200.jpg 300w, https:\/\/www.spadreams.fr\/blog\/wp-content\/uploads\/sites\/8\/2021\/06\/Blog2_Photo4-768x512.jpg 768w, https:\/\/www.spadreams.fr\/blog\/wp-content\/uploads\/sites\/8\/2021\/06\/Blog2_Photo4-1536x1024.jpg 1536w, https:\/\/www.spadreams.fr\/blog\/wp-content\/uploads\/sites\/8\/2021\/06\/Blog2_Photo4-1920x1280.jpg 1920w, https:\/\/www.spadreams.fr\/blog\/wp-content\/uploads\/sites\/8\/2021\/06\/Blog2_Photo4-600x400.jpg 600w, https:\/\/www.spadreams.fr\/blog\/wp-content\/uploads\/sites\/8\/2021\/06\/Blog2_Photo4-800x533.jpg 800w, https:\/\/www.spadreams.fr\/blog\/wp-content\/uploads\/sites\/8\/2021\/06\/Blog2_Photo4-227x152.jpg 227w, https:\/\/www.spadreams.fr\/blog\/wp-content\/uploads\/sites\/8\/2021\/06\/Blog2_Photo4-143x96.jpg 143w, https:\/\/www.spadreams.fr\/blog\/wp-content\/uploads\/sites\/8\/2021\/06\/Blog2_Photo4-585x390.jpg 585w, https:\/\/www.spadreams.fr\/blog\/wp-content\/uploads\/sites\/8\/2021\/06\/Blog2_Photo4-385x257.jpg 385w, https:\/\/www.spadreams.fr\/blog\/wp-content\/uploads\/sites\/8\/2021\/06\/Blog2_Photo4.jpg 2000w\" sizes=\"(max-width: 1024px) 100vw, 1024px\" \/><\/figure>\n\n\n\n<p>Selon de nouvelles d\u00e9couvertes, m\u00eame les je\u00fbnes de plus courte dur\u00e9e, parfois seulement 1 ou 2 jours, ou m\u00eame le <strong>je\u00fbne par intervalles<\/strong> qui devient de plus en plus \u00e0 la mode, dans lequel le petit-d\u00e9jeuner ou le d\u00eener sont g\u00e9n\u00e9ralement supprim\u00e9s, montrent un <strong>changement du m\u00e9tabolisme<\/strong>. On parle de <strong>&#8220;switch&#8221; m\u00e9tabolique<\/strong> : le corps obtient alors son \u00e9nergie de plus en plus par la <strong>combustion des acides gras<\/strong> et non plus seulement par la consommation des glucides. Ce &#8220;switch&#8221; active d&#8217;importants <strong>processus m\u00e9taboliques et immunitaires<\/strong>.<\/p>\n\n\n\n<h2 class=\"wp-block-heading\"><strong>Combien de temps faut-il je\u00fbner pour obtenir les premiers r\u00e9sultats ? Et combien de temps b\u00e9n\u00e9ficie-t-on des bienfaits du je\u00fbne ? Cela vaut-il la peine d&#8217;int\u00e9grer de plus petits intervalles de je\u00fbne dans la vie quotidienne afin de ressentir une am\u00e9lioration durable de la sant\u00e9 ?<\/strong><\/h2>\n\n\n\n<p>Dans le pass\u00e9, <strong>21 jours<\/strong> de je\u00fbne et une semaine de r\u00e9alimentation \u00e9taient effectu\u00e9s ici \u00e0 la clinique. Aujourd&#8217;hui, en raison du manque de temps, cela n&#8217;a lieu que dans des cas exceptionnels. La plupart des patients ne restent que <strong>10 jours<\/strong> environ \u00e0 la clinique. Cependant, nous savons, gr\u00e2ce \u00e0 des recherches r\u00e9centes, que m\u00eame <strong>une semaine de je\u00fbne<\/strong> peut \u00eatre efficace. Bien entendu, cela d\u00e9pend de l&#8217;\u00e9tat de sant\u00e9 du patient. Un patient souffrant d&#8217;une inflammation chronique a certainement besoin d&#8217;un je\u00fbne plus long, d&#8217;au moins 14 jours dans un premier temps, afin de cr\u00e9er une base pour d&#8217;autres r\u00e9sultats positifs. Ensuite, il est utile d&#8217;effectuer <strong>une semaine de je\u00fbne suppl\u00e9mentaire, au moins une \u00e0 deux fois par an<\/strong>. Nous parlons d&#8217;une <strong>gu\u00e9rison progressive par le biais du je\u00fbne<\/strong>, ce qui est plus efficace que d&#8217;effectuer une cure de je\u00fbne plus longue \u00e0 quelques ann\u00e9es d&#8217;intervalle.<\/p>\n\n\n\n<figure class=\"wp-block-image size-large\"><img decoding=\"async\" loading=\"lazy\" width=\"1024\" height=\"682\" src=\"https:\/\/www.spadreams.fr\/blog\/wp-content\/uploads\/sites\/8\/2021\/06\/Blog2_Photo5-1024x682.jpg\" alt=\"Je\u00fbne th\u00e9rapeutique avec des jus de fruits et de l\u00e9gumes frais et color\u00e9s.\" class=\"wp-image-2087\" srcset=\"https:\/\/www.spadreams.fr\/blog\/wp-content\/uploads\/sites\/8\/2021\/06\/Blog2_Photo5-1024x682.jpg 1024w, https:\/\/www.spadreams.fr\/blog\/wp-content\/uploads\/sites\/8\/2021\/06\/Blog2_Photo5-300x200.jpg 300w, https:\/\/www.spadreams.fr\/blog\/wp-content\/uploads\/sites\/8\/2021\/06\/Blog2_Photo5-768x512.jpg 768w, https:\/\/www.spadreams.fr\/blog\/wp-content\/uploads\/sites\/8\/2021\/06\/Blog2_Photo5-1536x1024.jpg 1536w, https:\/\/www.spadreams.fr\/blog\/wp-content\/uploads\/sites\/8\/2021\/06\/Blog2_Photo5-1920x1280.jpg 1920w, https:\/\/www.spadreams.fr\/blog\/wp-content\/uploads\/sites\/8\/2021\/06\/Blog2_Photo5-600x400.jpg 600w, https:\/\/www.spadreams.fr\/blog\/wp-content\/uploads\/sites\/8\/2021\/06\/Blog2_Photo5-800x533.jpg 800w, https:\/\/www.spadreams.fr\/blog\/wp-content\/uploads\/sites\/8\/2021\/06\/Blog2_Photo5-227x152.jpg 227w, https:\/\/www.spadreams.fr\/blog\/wp-content\/uploads\/sites\/8\/2021\/06\/Blog2_Photo5-143x96.jpg 143w, https:\/\/www.spadreams.fr\/blog\/wp-content\/uploads\/sites\/8\/2021\/06\/Blog2_Photo5-585x390.jpg 585w, https:\/\/www.spadreams.fr\/blog\/wp-content\/uploads\/sites\/8\/2021\/06\/Blog2_Photo5-385x257.jpg 385w, https:\/\/www.spadreams.fr\/blog\/wp-content\/uploads\/sites\/8\/2021\/06\/Blog2_Photo5.jpg 2000w\" sizes=\"(max-width: 1024px) 100vw, 1024px\" \/><\/figure>\n\n\n\n<p>Cependant, pour stabiliser le succ\u00e8s ou \u00e0 titre pr\u00e9ventif, des <strong>intervalles de je\u00fbne plus courts<\/strong> sont \u00e9galement int\u00e9ressants. Par exemple, un jour de <strong>je\u00fbne au jus par semaine<\/strong> ou bien encore la <strong>m\u00e9thode 5\/2<\/strong>, c&#8217;est-\u00e0-dire deux jours de r\u00e9gime par semaine pendant lesquels, par exemple, seuls des l\u00e9gumes et\/ou des pommes de terre sont consomm\u00e9s.<\/p>\n\n\n\n<h2 class=\"wp-block-heading\"><strong>Quelles nouvelles connaissances avez-vous acquises \u00e0 la suite de votre \u00e9tude intensive sur le sujet du je\u00fbne et de la gu\u00e9rison pendant la r\u00e9daction de votre livre ? N&#8217;h\u00e9sitez pas \u00e0 donner \u00e0 nos lecteurs un petit aper\u00e7u.<\/strong><\/h2>\n\n\n\n<p>J&#8217;ai mentionn\u00e9 le <strong>switch m\u00e9tabolique<\/strong>, c\u2019est-\u00e0-dire le <strong>changement du m\u00e9tabolisme de l&#8217;utilisation des glucides \u00e0 l&#8217;utilisation des corps c\u00e9toniques<\/strong>. Alors que dans le pass\u00e9 on pensait que ces substances \u00e9taient mauvaises, voire dangereuses, on a constat\u00e9 ces derni\u00e8res ann\u00e9es un certain nombre d&#8217;<strong>effets positifs<\/strong>. Il existe d\u00e9j\u00e0 des \u00e9tudes qui consid\u00e8rent que m\u00eame une c\u00e9tose l\u00e9g\u00e8re est favorable, notamment pour le cerveau, et que les <strong>personnes souffrant de d\u00e9mence<\/strong>, par exemple, peuvent en tirer profit. Le corps poss\u00e8de manifestement une sorte de syst\u00e8me hybride pour l&#8217;utilisation de l&#8217;\u00e9nergie.<\/p>\n\n\n\n<h2 class=\"wp-block-heading\"><strong>La Malteser Klinik associe des m\u00e9thodes de gu\u00e9rison naturelles \u00e0 la m\u00e9decine conventionnelle. Pourquoi cette combinaison est-elle si prometteuse ? Et quelle est la v\u00e9rit\u00e9 de l&#8217;affirmation selon laquelle la m\u00e9decine conventionnelle ne s&#8217;attaque souvent qu&#8217;aux sympt\u00f4mes de la souffrance, mais pas \u00e0 sa cause profonde ?<\/strong><\/h2>\n\n\n\n<p>La combinaison des traitements naturopathiques avec la m\u00e9decine conventionnelle est utile et n\u00e9cessaire avant tout parce que nous pouvons combiner les possibilit\u00e9s des diagnostics de la m\u00e9decine conventionnelle et leurs propositions de traitement m\u00e9dical intensif avec les approches naturelles de la naturopathie. Le changement de mode de vie est au centre de cette d\u00e9marche. L&#8217;OMS (Organisation mondiale de la sant\u00e9) consid\u00e8re que le <strong>changement de mode de vie est une n\u00e9cessit\u00e9<\/strong> pour que les centres de sant\u00e9 restent financi\u00e8rement accessibles \u00e0 l&#8217;avenir.<\/p>\n\n\n\n<h2 class=\"wp-block-heading\"><strong>Avec quels maux les patients viennent-ils le plus souvent dans votre clinique ? Combien de temps restent-ils et quels programmes de je\u00fbne sont les plus populaires ?<\/strong><\/h2>\n\n\n\n<p>Parall\u00e8lement, de tr\u00e8s nombreuses personnes d\u00e9sirent une &#8220;<strong>remise \u00e0 z\u00e9ro<\/strong>&#8220;. Cette volont\u00e9 s&#8217;explique par le grand nombre de facteurs de stress li\u00e9s \u00e0 la vie moderne. Tr\u00e8s souvent, les patients viennent nous voir pour <strong>toutes sortes de probl\u00e8mes orthop\u00e9diques<\/strong>, et nous constatons qu&#8217;une grande partie de ce qui est qualifi\u00e9 &#8220;d&#8217;usure&#8221; au niveau de la colonne vert\u00e9brale ou des articulations est en fait caus\u00e9e par des tensions musculaires. Cela ouvre des approches totalement nouvelles pour la prise en charge de la douleur par exemple, et la physioth\u00e9rapie joue un r\u00f4le majeur dans notre clinique.<\/p>\n\n\n\n<h2 class=\"wp-block-heading\"><strong>Les cures de je\u00fbne de la clinique Malteser vont du je\u00fbne th\u00e9rapeutique classique au je\u00fbne intermittent en passant par le je\u00fbne et randonn\u00e9e. Quel type de je\u00fbne recommandez-vous aux d\u00e9butants ?<\/strong><\/h2>\n\n\n\n<p>De mani\u00e8re g\u00e9n\u00e9rale, toutes les m\u00e9thodes cit\u00e9es conviennent aux d\u00e9butants voulant pratiquer le je\u00fbne. Toutefois, en particulier pour le je\u00fbne et randonn\u00e9e, il faut bien s\u00fbr avoir une <strong>condition physique<\/strong> et une <strong>aptitude \u00e0 la marche suffisantes<\/strong> et <strong>ne pas souffrir d&#8217;une maladie cardiovasculaire aigu\u00eb<\/strong> avec arythmie cardiaque par exemple.<\/p>\n\n\n\n<figure class=\"wp-block-image size-large\"><img decoding=\"async\" loading=\"lazy\" width=\"1024\" height=\"682\" src=\"https:\/\/www.spadreams.fr\/blog\/wp-content\/uploads\/sites\/8\/2021\/06\/Blog2_Photo6-1024x682.jpg\" alt=\"Trois femmes lors d'un je\u00fbne et randonn\u00e9e. Je\u00fbne th\u00e9rapeutique avec exercices.\" class=\"wp-image-2089\" srcset=\"https:\/\/www.spadreams.fr\/blog\/wp-content\/uploads\/sites\/8\/2021\/06\/Blog2_Photo6-1024x682.jpg 1024w, https:\/\/www.spadreams.fr\/blog\/wp-content\/uploads\/sites\/8\/2021\/06\/Blog2_Photo6-300x200.jpg 300w, https:\/\/www.spadreams.fr\/blog\/wp-content\/uploads\/sites\/8\/2021\/06\/Blog2_Photo6-768x512.jpg 768w, https:\/\/www.spadreams.fr\/blog\/wp-content\/uploads\/sites\/8\/2021\/06\/Blog2_Photo6-1536x1024.jpg 1536w, https:\/\/www.spadreams.fr\/blog\/wp-content\/uploads\/sites\/8\/2021\/06\/Blog2_Photo6-1920x1280.jpg 1920w, https:\/\/www.spadreams.fr\/blog\/wp-content\/uploads\/sites\/8\/2021\/06\/Blog2_Photo6-600x400.jpg 600w, https:\/\/www.spadreams.fr\/blog\/wp-content\/uploads\/sites\/8\/2021\/06\/Blog2_Photo6-800x533.jpg 800w, https:\/\/www.spadreams.fr\/blog\/wp-content\/uploads\/sites\/8\/2021\/06\/Blog2_Photo6-227x152.jpg 227w, https:\/\/www.spadreams.fr\/blog\/wp-content\/uploads\/sites\/8\/2021\/06\/Blog2_Photo6-143x96.jpg 143w, https:\/\/www.spadreams.fr\/blog\/wp-content\/uploads\/sites\/8\/2021\/06\/Blog2_Photo6-585x390.jpg 585w, https:\/\/www.spadreams.fr\/blog\/wp-content\/uploads\/sites\/8\/2021\/06\/Blog2_Photo6-385x257.jpg 385w, https:\/\/www.spadreams.fr\/blog\/wp-content\/uploads\/sites\/8\/2021\/06\/Blog2_Photo6.jpg 2000w\" sizes=\"(max-width: 1024px) 100vw, 1024px\" \/><\/figure>\n\n\n\n<h2 class=\"wp-block-heading\"><strong>Le je\u00fbne pour les d\u00e9butants : Certaines personnes aiment apprendre \u00e0 conna\u00eetre le je\u00fbne ou la d\u00e9tox en l&#8217;essayant confortablement \u00e0 la maison. Que doivent absolument savoir les d\u00e9butants avant de commencer le grand nettoyage int\u00e9rieur de leur corps ?&nbsp;<\/strong><\/h2>\n\n\n\n<p>Nous recommandons souvent aux patients de se <strong>pr\u00e9parer \u00e0 l&#8217;avance<\/strong>, c&#8217;est-\u00e0-dire qu&#8217;avant le d\u00e9but d\u2019une cure de je\u00fbne il faudra manger par exemple pendant 2 \u00e0 3 jours uniquement des pommes de terre et des l\u00e9gumes ou du riz et des l\u00e9gumes, avec \u00e9ventuellement une huile v\u00e9g\u00e9tale de qualit\u00e9, mais pas de prot\u00e9ines animales et surtout pas de plats pr\u00e9par\u00e9s. Cela conduit d\u00e9j\u00e0 \u00e0 une assez bonne d\u00e9toxification et permet une transition plus facile vers le je\u00fbne au jus par exemple.<\/p>\n\n\n\n<figure class=\"wp-block-image size-large\"><img decoding=\"async\" loading=\"lazy\" width=\"1024\" height=\"684\" src=\"https:\/\/www.spadreams.fr\/blog\/wp-content\/uploads\/sites\/8\/2021\/06\/Blog2_Photo7-1024x684.jpg\" alt=\"Je\u00fbne au jus \u00e0 base de carottes et de mandarines au romarin.\" class=\"wp-image-2090\" srcset=\"https:\/\/www.spadreams.fr\/blog\/wp-content\/uploads\/sites\/8\/2021\/06\/Blog2_Photo7-1024x684.jpg 1024w, https:\/\/www.spadreams.fr\/blog\/wp-content\/uploads\/sites\/8\/2021\/06\/Blog2_Photo7-300x200.jpg 300w, https:\/\/www.spadreams.fr\/blog\/wp-content\/uploads\/sites\/8\/2021\/06\/Blog2_Photo7-768x513.jpg 768w, https:\/\/www.spadreams.fr\/blog\/wp-content\/uploads\/sites\/8\/2021\/06\/Blog2_Photo7-1536x1025.jpg 1536w, https:\/\/www.spadreams.fr\/blog\/wp-content\/uploads\/sites\/8\/2021\/06\/Blog2_Photo7-1920x1282.jpg 1920w, https:\/\/www.spadreams.fr\/blog\/wp-content\/uploads\/sites\/8\/2021\/06\/Blog2_Photo7-600x401.jpg 600w, https:\/\/www.spadreams.fr\/blog\/wp-content\/uploads\/sites\/8\/2021\/06\/Blog2_Photo7-800x534.jpg 800w, https:\/\/www.spadreams.fr\/blog\/wp-content\/uploads\/sites\/8\/2021\/06\/Blog2_Photo7-227x152.jpg 227w, https:\/\/www.spadreams.fr\/blog\/wp-content\/uploads\/sites\/8\/2021\/06\/Blog2_Photo7-143x96.jpg 143w, https:\/\/www.spadreams.fr\/blog\/wp-content\/uploads\/sites\/8\/2021\/06\/Blog2_Photo7-585x390.jpg 585w, https:\/\/www.spadreams.fr\/blog\/wp-content\/uploads\/sites\/8\/2021\/06\/Blog2_Photo7-385x257.jpg 385w, https:\/\/www.spadreams.fr\/blog\/wp-content\/uploads\/sites\/8\/2021\/06\/Blog2_Photo7.jpg 2000w\" sizes=\"(max-width: 1024px) 100vw, 1024px\" \/><\/figure>\n\n\n\n<p>Toutefois, si vous n&#8217;avez jamais je\u00fbn\u00e9 auparavant, vous ne devez pas le faire compl\u00e8tement seul. Je vous recommande de rejoindre un <strong>groupe de je\u00fbneurs<\/strong>. Sinon, cette d\u00e9claration du c\u00e9l\u00e8bre m\u00e9decin sp\u00e9cialiste du je\u00fbne Hellmut L\u00fctzner s&#8217;applique : on distingue le je\u00fbne pr\u00e9ventif pour les personnes encore en bonne sant\u00e9 et le je\u00fbne th\u00e9rapeutique au sens propre pour les personnes d\u00e9j\u00e0 malades. Le premier est g\u00e9n\u00e9ralement pratiqu\u00e9 en ambulatoire, le second devrait plut\u00f4t \u00eatre pratiqu\u00e9 dans une clinique en hospitalisation.<\/p>\n\n\n\n<p>Les nouveaux adeptes du je\u00fbne doivent \u00e9galement \u00eatre inform\u00e9s sur les contre-indications du je\u00fbne et en \u00eatre conscients : Il ne faut pas se contenter de commencer brusquement un je\u00fbne, mais il faut s&#8217;y <strong>pr\u00e9parer mentalement<\/strong>, surtout lorsqu&#8217;il s&#8217;agit d&#8217;un je\u00fbne th\u00e9rapeutique.<\/p>\n","protected":false},"excerpt":{"rendered":"<p>Cette ann\u00e9e, nous avons re\u00e7u le soutien pr\u00e9cieux du Dr Matejka. Il est le m\u00e9decin-chef de la Malteser Klinik von Weckbecker \u00e0 Bad Br\u00fcckenau et je\u00fbne lui-m\u00eame r\u00e9guli\u00e8rement. Son nouveau livre &#8220;Fasting heals&#8221; (disponible en allemand, &#8220;Fasten heilt&#8221;) a r\u00e9cemment \u00e9t\u00e9 publi\u00e9. Vous pouvez en avoir un petit aper\u00e7u dans cette interview ! Cette interview [&hellip;]<\/p>\n","protected":false},"author":20,"featured_media":2094,"comment_status":"closed","ping_status":"closed","sticky":false,"template":"","format":"standard","meta":{"wprm-recipe-roundup-name":"","wprm-recipe-roundup-description":"","footnotes":""},"categories":[515,595],"tags":[],"yoast_head":"<!-- This site is optimized with the Yoast SEO plugin v22.6 - https:\/\/yoast.com\/wordpress\/plugins\/seo\/ -->\n<title>Clinique Malteser de Weckbecker - Interview avec le Dr. Matejka - Blog SpaDreams<\/title>\n<meta name=\"description\" content=\"Nous avons interrog\u00e9 le Dr Matejka de la clinique Malteser en Allemagne sur les effets du je\u00fbne th\u00e9rapeutique. D\u00e9couvrez l&#039;interview ici !\" \/>\n<meta name=\"robots\" content=\"index, follow, max-snippet:-1, max-image-preview:large, max-video-preview:-1\" \/>\n<meta property=\"og:locale\" content=\"fr_FR\" \/>\n<meta property=\"og:type\" content=\"article\" \/>\n<meta property=\"og:title\" content=\"Clinique Malteser de Weckbecker - Interview avec le Dr. Matejka - Blog SpaDreams\" \/>\n<meta property=\"og:description\" content=\"Nous avons interrog\u00e9 le Dr Matejka de la clinique Malteser en Allemagne sur les effets du je\u00fbne th\u00e9rapeutique. D\u00e9couvrez l&#039;interview ici !\" \/>\n<meta property=\"og:url\" content=\"https:\/\/www.spadreams.fr\/blog\/interview-avec-le-dr-matejka-jeune-therapeutique\/\" \/>\n<meta property=\"og:site_name\" content=\"Blog SpaDreams\" \/>\n<meta property=\"article:published_time\" content=\"2021-06-11T11:23:42+00:00\" \/>\n<meta property=\"article:modified_time\" content=\"2021-06-14T08:27:03+00:00\" \/>\n<meta property=\"og:image\" content=\"https:\/\/www.spadreams.fr\/blog\/wp-content\/uploads\/sites\/8\/2021\/06\/Blog2_Featured-Image.jpg\" \/>\n\t<meta property=\"og:image:width\" content=\"2000\" \/>\n\t<meta property=\"og:image:height\" content=\"696\" \/>\n\t<meta property=\"og:image:type\" content=\"image\/jpeg\" \/>\n<meta name=\"author\" content=\"R\u00e9daction SpaDreams\" \/>\n<meta name=\"twitter:card\" content=\"summary_large_image\" \/>\n<meta name=\"twitter:label1\" content=\"\u00c9crit par\" \/>\n\t<meta name=\"twitter:data1\" content=\"R\u00e9daction SpaDreams\" \/>\n\t<meta name=\"twitter:label2\" content=\"Dur\u00e9e de lecture estim\u00e9e\" \/>\n\t<meta name=\"twitter:data2\" content=\"10 minutes\" \/>\n<script type=\"application\/ld+json\" class=\"yoast-schema-graph\">{\"@context\":\"https:\/\/schema.org\",\"@graph\":[{\"@type\":\"WebPage\",\"@id\":\"https:\/\/www.spadreams.fr\/blog\/interview-avec-le-dr-matejka-jeune-therapeutique\/\",\"url\":\"https:\/\/www.spadreams.fr\/blog\/interview-avec-le-dr-matejka-jeune-therapeutique\/\",\"name\":\"Clinique Malteser de Weckbecker - Interview avec le Dr. Matejka - Blog SpaDreams\",\"isPartOf\":{\"@id\":\"https:\/\/www.spadreams.fr\/blog\/#website\"},\"primaryImageOfPage\":{\"@id\":\"https:\/\/www.spadreams.fr\/blog\/interview-avec-le-dr-matejka-jeune-therapeutique\/#primaryimage\"},\"image\":{\"@id\":\"https:\/\/www.spadreams.fr\/blog\/interview-avec-le-dr-matejka-jeune-therapeutique\/#primaryimage\"},\"thumbnailUrl\":\"https:\/\/www.spadreams.fr\/blog\/wp-content\/uploads\/sites\/8\/2021\/06\/Blog2_Featured-Image.jpg\",\"datePublished\":\"2021-06-11T11:23:42+00:00\",\"dateModified\":\"2021-06-14T08:27:03+00:00\",\"author\":{\"@id\":\"https:\/\/www.spadreams.fr\/blog\/#\/schema\/person\/6d4f2e7705bba123a877fc8b92cf1771\"},\"description\":\"Nous avons interrog\u00e9 le Dr Matejka de la clinique Malteser en Allemagne sur les effets du je\u00fbne th\u00e9rapeutique. D\u00e9couvrez l'interview ici !\",\"breadcrumb\":{\"@id\":\"https:\/\/www.spadreams.fr\/blog\/interview-avec-le-dr-matejka-jeune-therapeutique\/#breadcrumb\"},\"inLanguage\":\"fr-FR\",\"potentialAction\":[{\"@type\":\"ReadAction\",\"target\":[\"https:\/\/www.spadreams.fr\/blog\/interview-avec-le-dr-matejka-jeune-therapeutique\/\"]}]},{\"@type\":\"ImageObject\",\"inLanguage\":\"fr-FR\",\"@id\":\"https:\/\/www.spadreams.fr\/blog\/interview-avec-le-dr-matejka-jeune-therapeutique\/#primaryimage\",\"url\":\"https:\/\/www.spadreams.fr\/blog\/wp-content\/uploads\/sites\/8\/2021\/06\/Blog2_Featured-Image.jpg\",\"contentUrl\":\"https:\/\/www.spadreams.fr\/blog\/wp-content\/uploads\/sites\/8\/2021\/06\/Blog2_Featured-Image.jpg\",\"width\":2000,\"height\":696,\"caption\":\"S\u00e9lection d'aliments sains renfor\u00e7ant le syst\u00e8me immunitaire. Soulagement du rhume et de la grippe. Riche en antioxydants, min\u00e9raux et vitamines. Panorama, banderole\"},{\"@type\":\"BreadcrumbList\",\"@id\":\"https:\/\/www.spadreams.fr\/blog\/interview-avec-le-dr-matejka-jeune-therapeutique\/#breadcrumb\",\"itemListElement\":[{\"@type\":\"ListItem\",\"position\":1,\"name\":\"Home\",\"item\":\"https:\/\/www.spadreams.fr\/blog\/\"},{\"@type\":\"ListItem\",\"position\":2,\"name\":\"Nutrition\",\"item\":\"https:\/\/www.spadreams.fr\/blog\/nutrition\/\"},{\"@type\":\"ListItem\",\"position\":3,\"name\":\"Clinique Malteser de Weckbecker &#8211; Interview avec le Dr. Matejka\"}]},{\"@type\":\"WebSite\",\"@id\":\"https:\/\/www.spadreams.fr\/blog\/#website\",\"url\":\"https:\/\/www.spadreams.fr\/blog\/\",\"name\":\"Blog SpaDreams\",\"description\":\"Entrez dans l&#039;univers du bien-\u00eatre et de la sant\u00e9\",\"potentialAction\":[{\"@type\":\"SearchAction\",\"target\":{\"@type\":\"EntryPoint\",\"urlTemplate\":\"https:\/\/www.spadreams.fr\/blog\/?s={search_term_string}\"},\"query-input\":\"required name=search_term_string\"}],\"inLanguage\":\"fr-FR\"},{\"@type\":\"Person\",\"@id\":\"https:\/\/www.spadreams.fr\/blog\/#\/schema\/person\/6d4f2e7705bba123a877fc8b92cf1771\",\"name\":\"R\u00e9daction SpaDreams\",\"image\":{\"@type\":\"ImageObject\",\"inLanguage\":\"fr-FR\",\"@id\":\"https:\/\/www.spadreams.fr\/blog\/#\/schema\/person\/image\/\",\"url\":\"https:\/\/secure.gravatar.com\/avatar\/49a7de54bed8acfe3416c0fbedbf62f3?s=96&d=mm&r=g\",\"contentUrl\":\"https:\/\/secure.gravatar.com\/avatar\/49a7de54bed8acfe3416c0fbedbf62f3?s=96&d=mm&r=g\",\"caption\":\"R\u00e9daction SpaDreams\"},\"url\":\"https:\/\/www.spadreams.fr\/blog\/author\/fr-admin\/\"}]}<\/script>\n<!-- \/ Yoast SEO plugin. -->","yoast_head_json":{"title":"Clinique Malteser de Weckbecker - Interview avec le Dr. Matejka - Blog SpaDreams","description":"Nous avons interrog\u00e9 le Dr Matejka de la clinique Malteser en Allemagne sur les effets du je\u00fbne th\u00e9rapeutique. D\u00e9couvrez l'interview ici !","robots":{"index":"index","follow":"follow","max-snippet":"max-snippet:-1","max-image-preview":"max-image-preview:large","max-video-preview":"max-video-preview:-1"},"og_locale":"fr_FR","og_type":"article","og_title":"Clinique Malteser de Weckbecker - Interview avec le Dr. Matejka - Blog SpaDreams","og_description":"Nous avons interrog\u00e9 le Dr Matejka de la clinique Malteser en Allemagne sur les effets du je\u00fbne th\u00e9rapeutique. D\u00e9couvrez l'interview ici !","og_url":"https:\/\/www.spadreams.fr\/blog\/interview-avec-le-dr-matejka-jeune-therapeutique\/","og_site_name":"Blog SpaDreams","article_published_time":"2021-06-11T11:23:42+00:00","article_modified_time":"2021-06-14T08:27:03+00:00","og_image":[{"width":2000,"height":696,"url":"https:\/\/www.spadreams.fr\/blog\/wp-content\/uploads\/sites\/8\/2021\/06\/Blog2_Featured-Image.jpg","type":"image\/jpeg"}],"author":"R\u00e9daction SpaDreams","twitter_card":"summary_large_image","twitter_misc":{"\u00c9crit par":"R\u00e9daction SpaDreams","Dur\u00e9e de lecture estim\u00e9e":"10 minutes"},"schema":{"@context":"https:\/\/schema.org","@graph":[{"@type":"WebPage","@id":"https:\/\/www.spadreams.fr\/blog\/interview-avec-le-dr-matejka-jeune-therapeutique\/","url":"https:\/\/www.spadreams.fr\/blog\/interview-avec-le-dr-matejka-jeune-therapeutique\/","name":"Clinique Malteser de Weckbecker - Interview avec le Dr. Matejka - Blog SpaDreams","isPartOf":{"@id":"https:\/\/www.spadreams.fr\/blog\/#website"},"primaryImageOfPage":{"@id":"https:\/\/www.spadreams.fr\/blog\/interview-avec-le-dr-matejka-jeune-therapeutique\/#primaryimage"},"image":{"@id":"https:\/\/www.spadreams.fr\/blog\/interview-avec-le-dr-matejka-jeune-therapeutique\/#primaryimage"},"thumbnailUrl":"https:\/\/www.spadreams.fr\/blog\/wp-content\/uploads\/sites\/8\/2021\/06\/Blog2_Featured-Image.jpg","datePublished":"2021-06-11T11:23:42+00:00","dateModified":"2021-06-14T08:27:03+00:00","author":{"@id":"https:\/\/www.spadreams.fr\/blog\/#\/schema\/person\/6d4f2e7705bba123a877fc8b92cf1771"},"description":"Nous avons interrog\u00e9 le Dr Matejka de la clinique Malteser en Allemagne sur les effets du je\u00fbne th\u00e9rapeutique. D\u00e9couvrez l'interview ici !","breadcrumb":{"@id":"https:\/\/www.spadreams.fr\/blog\/interview-avec-le-dr-matejka-jeune-therapeutique\/#breadcrumb"},"inLanguage":"fr-FR","potentialAction":[{"@type":"ReadAction","target":["https:\/\/www.spadreams.fr\/blog\/interview-avec-le-dr-matejka-jeune-therapeutique\/"]}]},{"@type":"ImageObject","inLanguage":"fr-FR","@id":"https:\/\/www.spadreams.fr\/blog\/interview-avec-le-dr-matejka-jeune-therapeutique\/#primaryimage","url":"https:\/\/www.spadreams.fr\/blog\/wp-content\/uploads\/sites\/8\/2021\/06\/Blog2_Featured-Image.jpg","contentUrl":"https:\/\/www.spadreams.fr\/blog\/wp-content\/uploads\/sites\/8\/2021\/06\/Blog2_Featured-Image.jpg","width":2000,"height":696,"caption":"S\u00e9lection d'aliments sains renfor\u00e7ant le syst\u00e8me immunitaire. Soulagement du rhume et de la grippe. Riche en antioxydants, min\u00e9raux et vitamines. Panorama, banderole"},{"@type":"BreadcrumbList","@id":"https:\/\/www.spadreams.fr\/blog\/interview-avec-le-dr-matejka-jeune-therapeutique\/#breadcrumb","itemListElement":[{"@type":"ListItem","position":1,"name":"Home","item":"https:\/\/www.spadreams.fr\/blog\/"},{"@type":"ListItem","position":2,"name":"Nutrition","item":"https:\/\/www.spadreams.fr\/blog\/nutrition\/"},{"@type":"ListItem","position":3,"name":"Clinique Malteser de Weckbecker &#8211; Interview avec le Dr. Matejka"}]},{"@type":"WebSite","@id":"https:\/\/www.spadreams.fr\/blog\/#website","url":"https:\/\/www.spadreams.fr\/blog\/","name":"Blog SpaDreams","description":"Entrez dans l&#039;univers du bien-\u00eatre et de la sant\u00e9","potentialAction":[{"@type":"SearchAction","target":{"@type":"EntryPoint","urlTemplate":"https:\/\/www.spadreams.fr\/blog\/?s={search_term_string}"},"query-input":"required name=search_term_string"}],"inLanguage":"fr-FR"},{"@type":"Person","@id":"https:\/\/www.spadreams.fr\/blog\/#\/schema\/person\/6d4f2e7705bba123a877fc8b92cf1771","name":"R\u00e9daction SpaDreams","image":{"@type":"ImageObject","inLanguage":"fr-FR","@id":"https:\/\/www.spadreams.fr\/blog\/#\/schema\/person\/image\/","url":"https:\/\/secure.gravatar.com\/avatar\/49a7de54bed8acfe3416c0fbedbf62f3?s=96&d=mm&r=g","contentUrl":"https:\/\/secure.gravatar.com\/avatar\/49a7de54bed8acfe3416c0fbedbf62f3?s=96&d=mm&r=g","caption":"R\u00e9daction SpaDreams"},"url":"https:\/\/www.spadreams.fr\/blog\/author\/fr-admin\/"}]}},"_links":{"self":[{"href":"https:\/\/www.spadreams.fr\/blog\/wp-json\/wp\/v2\/posts\/2079"}],"collection":[{"href":"https:\/\/www.spadreams.fr\/blog\/wp-json\/wp\/v2\/posts"}],"about":[{"href":"https:\/\/www.spadreams.fr\/blog\/wp-json\/wp\/v2\/types\/post"}],"author":[{"embeddable":true,"href":"https:\/\/www.spadreams.fr\/blog\/wp-json\/wp\/v2\/users\/20"}],"replies":[{"embeddable":true,"href":"https:\/\/www.spadreams.fr\/blog\/wp-json\/wp\/v2\/comments?post=2079"}],"version-history":[{"count":13,"href":"https:\/\/www.spadreams.fr\/blog\/wp-json\/wp\/v2\/posts\/2079\/revisions"}],"predecessor-version":[{"id":2104,"href":"https:\/\/www.spadreams.fr\/blog\/wp-json\/wp\/v2\/posts\/2079\/revisions\/2104"}],"wp:featuredmedia":[{"embeddable":true,"href":"https:\/\/www.spadreams.fr\/blog\/wp-json\/wp\/v2\/media\/2094"}],"wp:attachment":[{"href":"https:\/\/www.spadreams.fr\/blog\/wp-json\/wp\/v2\/media?parent=2079"}],"wp:term":[{"taxonomy":"category","embeddable":true,"href":"https:\/\/www.spadreams.fr\/blog\/wp-json\/wp\/v2\/categories?post=2079"},{"taxonomy":"post_tag","embeddable":true,"href":"https:\/\/www.spadreams.fr\/blog\/wp-json\/wp\/v2\/tags?post=2079"}],"curies":[{"name":"wp","href":"https:\/\/api.w.org\/{rel}","templated":true}]}}