{"id":2464,"date":"2021-10-11T09:30:06","date_gmt":"2021-10-11T08:30:06","guid":{"rendered":"https:\/\/www.spadreams.fr\/blog\/?p=2464"},"modified":"2021-12-21T10:14:59","modified_gmt":"2021-12-21T09:14:59","slug":"interview-avec-le-prof-christoph-bamberger-sur-la-gestion-du-stress","status":"publish","type":"post","link":"https:\/\/www.spadreams.fr\/blog\/interview-avec-le-prof-christoph-bamberger-sur-la-gestion-du-stress\/","title":{"rendered":"Interview avec le Prof. Christoph Bamberger sur la gestion du stress"},"content":{"rendered":"\n<p>Apr\u00e8s avoir r\u00e9pondu \u00e0 nos questions sur le th\u00e8me des <a href=\"https:\/\/www.spadreams.fr\/blog\/interview-prof-bamberger-soins-preventifs\/\" target=\"_blank\" rel=\"noreferrer noopener\">soins pr\u00e9ventifs<\/a>, le <strong>professeur Christoph Bamberger<\/strong> r\u00e9pond dans cette interview \u00e0 nos questions sur la gestion du stress.<\/p>\n\n\n\n<p>Le professeur Bamberger est <strong>sp\u00e9cialiste <\/strong>en <strong>m\u00e9decine interne<\/strong> et en <strong>endocrinologie<\/strong>. Il dirige le <strong>Conradia Medical Prevention Center<\/strong> \u00e0 Hambourg, o\u00f9 la gestion du stress fait partie du bilan de sant\u00e9. Le professeur Bamberger a d\u00e9j\u00e0 publi\u00e9 de <strong>nombreux ouvrages<\/strong> sur divers sujets de sant\u00e9, dont plusieurs publications sur les strat\u00e9gies de gestion du stress.<\/p>\n\n\n\n<h2 class=\"wp-block-heading\">Cher professeur Bamberger, merci beaucoup de prendre \u00e0 nouveau le temps de nous accorder une interview. Aujourd&#8217;hui, nous allons parler de la gestion du stress. Il est bien connu que &#8220;le stress rend malade&#8221;. Que se passe-t-il dans le corps lorsque nous sommes stress\u00e9s ?<\/h2>\n\n\n\n<div class=\"wp-block-columns is-layout-flex wp-container-7 wp-block-columns-is-layout-flex\">\n<div class=\"wp-block-column is-layout-flow wp-block-column-is-layout-flow\" style=\"flex-basis:100%\">\n<div class=\"wp-block-columns is-layout-flex wp-container-5 wp-block-columns-is-layout-flex\">\n<div class=\"wp-block-column is-layout-flow wp-block-column-is-layout-flow\">\n<div class=\"wp-block-columns is-layout-flex wp-container-3 wp-block-columns-is-layout-flex\">\n<div class=\"wp-block-column is-layout-flow wp-block-column-is-layout-flow\" style=\"flex-basis:66.66%\">\n<p>Oui, tout \u00e0 fait. Pour commencer, le stress est une r\u00e9ponse tout \u00e0 fait naturelle de l&#8217;organisme face \u00e0 des <strong>facteurs de stress r\u00e9els ou imaginaires<\/strong>, c&#8217;est-\u00e0-dire face \u00e0 des d\u00e9clencheurs de stress. Si nous n&#8217;avions aucune r\u00e9ponse au stress, nous ne serions pas en mesure de survivre. Nous ne serions pas en mesure de r\u00e9agir de mani\u00e8re ad\u00e9quate dans de nombreuses situations. Une distinction est faite entre les <strong>facteurs de stress externes et internes<\/strong>. Les facteurs de stress externes sont des stimuli qui r\u00e9sultent de l&#8217;environnement ext\u00e9rieur r\u00e9el. Dans un contexte professionnel, un facteur de stress externe typique est une limite impossible ou difficile \u00e0 respecter. Les facteurs de stress internes sont des stimuli qui sont per\u00e7us individuellement comme stressants. Cela peut \u00eatre d\u00fb \u00e0 ses propres exigences, \u00e0 sa propre perception ou m\u00eame \u00e0 des craintes g\u00e9n\u00e9rales.<\/p>\n<\/div>\n\n\n\n<div class=\"wp-block-column is-layout-flow wp-block-column-is-layout-flow\" style=\"flex-basis:33.33%\">\n<figure class=\"wp-block-image size-full\"><img decoding=\"async\" loading=\"lazy\" width=\"861\" height=\"1024\" src=\"https:\/\/www.spadreams.fr\/blog\/wp-content\/uploads\/sites\/8\/2021\/10\/Blog-1_Photo-1-1.jpg\" alt=\"Portrait du professeur Bamberger\" class=\"wp-image-2469\" srcset=\"https:\/\/www.spadreams.fr\/blog\/wp-content\/uploads\/sites\/8\/2021\/10\/Blog-1_Photo-1-1.jpg 861w, https:\/\/www.spadreams.fr\/blog\/wp-content\/uploads\/sites\/8\/2021\/10\/Blog-1_Photo-1-1-252x300.jpg 252w, https:\/\/www.spadreams.fr\/blog\/wp-content\/uploads\/sites\/8\/2021\/10\/Blog-1_Photo-1-1-768x913.jpg 768w, https:\/\/www.spadreams.fr\/blog\/wp-content\/uploads\/sites\/8\/2021\/10\/Blog-1_Photo-1-1-600x714.jpg 600w, https:\/\/www.spadreams.fr\/blog\/wp-content\/uploads\/sites\/8\/2021\/10\/Blog-1_Photo-1-1-800x951.jpg 800w\" sizes=\"(max-width: 861px) 100vw, 861px\" \/><\/figure>\n<\/div>\n<\/div>\n<\/div>\n<\/div>\n<\/div>\n<\/div>\n\n\n\n<p>Mais qu&#8217;elle soit r\u00e9elle ou imaginaire, le cerveau s&#8217;en moque, il r\u00e9agit toujours par une r\u00e9action de stress. La r\u00e9action au stress passe du cerveau au corps en passant par le <strong>syst\u00e8me nerveux<\/strong> et le <strong>syst\u00e8me hormonal<\/strong>. Dans le syst\u00e8me nerveux, elle se manifeste principalement par la <strong>lib\u00e9ration d&#8217;adr\u00e9naline<\/strong>, ce que l&#8217;on appelle la &#8220;<strong>r\u00e9action de stress aigu<\/strong>&#8220;. Cette r\u00e9action a \u00e9t\u00e9 con\u00e7ue par la nature pour que, dans une situation dangereuse, nous puissions soit nous enfuir rapidement, soit nous battre (= r\u00e9action de &#8220;combat ou de fuite&#8221;). Dans ce cas, la pression art\u00e9rielle augmente et le sucre sanguin est mis \u00e0 disposition. En d&#8217;autres termes, l&#8217;\u00e9nergie est mobilis\u00e9e pour que nous puissions faire face \u00e0 la confrontation. Nous avons ce genre de r\u00e9action au stress dans toutes sortes de situations, y compris dans la circulation routi\u00e8re. On peut difficilement l&#8217;\u00e9viter, mais ce n&#8217;est pas une mauvaise chose lorsque cela arrive de temps en temps.<\/p>\n\n\n\n<figure class=\"wp-block-image size-large\"><img decoding=\"async\" loading=\"lazy\" width=\"1024\" height=\"682\" src=\"https:\/\/www.spadreams.fr\/blog\/wp-content\/uploads\/sites\/8\/2021\/10\/Blog-1_Photo-2-1024x682.jpg\" alt=\"jeune employ\u00e9e de bureau stress\u00e9e, assise \u00e0 son bureau, se tenant la t\u00eate \u00e0 cause du stress au bureau\" class=\"wp-image-2472\" srcset=\"https:\/\/www.spadreams.fr\/blog\/wp-content\/uploads\/sites\/8\/2021\/10\/Blog-1_Photo-2-1024x682.jpg 1024w, https:\/\/www.spadreams.fr\/blog\/wp-content\/uploads\/sites\/8\/2021\/10\/Blog-1_Photo-2-300x200.jpg 300w, https:\/\/www.spadreams.fr\/blog\/wp-content\/uploads\/sites\/8\/2021\/10\/Blog-1_Photo-2-768x512.jpg 768w, https:\/\/www.spadreams.fr\/blog\/wp-content\/uploads\/sites\/8\/2021\/10\/Blog-1_Photo-2-1536x1024.jpg 1536w, https:\/\/www.spadreams.fr\/blog\/wp-content\/uploads\/sites\/8\/2021\/10\/Blog-1_Photo-2-1920x1280.jpg 1920w, https:\/\/www.spadreams.fr\/blog\/wp-content\/uploads\/sites\/8\/2021\/10\/Blog-1_Photo-2-600x400.jpg 600w, https:\/\/www.spadreams.fr\/blog\/wp-content\/uploads\/sites\/8\/2021\/10\/Blog-1_Photo-2-800x533.jpg 800w, https:\/\/www.spadreams.fr\/blog\/wp-content\/uploads\/sites\/8\/2021\/10\/Blog-1_Photo-2-227x152.jpg 227w, https:\/\/www.spadreams.fr\/blog\/wp-content\/uploads\/sites\/8\/2021\/10\/Blog-1_Photo-2-143x96.jpg 143w, https:\/\/www.spadreams.fr\/blog\/wp-content\/uploads\/sites\/8\/2021\/10\/Blog-1_Photo-2-585x390.jpg 585w, https:\/\/www.spadreams.fr\/blog\/wp-content\/uploads\/sites\/8\/2021\/10\/Blog-1_Photo-2-385x257.jpg 385w, https:\/\/www.spadreams.fr\/blog\/wp-content\/uploads\/sites\/8\/2021\/10\/Blog-1_Photo-2.jpg 2000w\" sizes=\"(max-width: 1024px) 100vw, 1024px\" \/><\/figure>\n\n\n\n<p>Cependant, si un facteur de stress ne dispara\u00eet pas, par exemple si un conflit professionnel persiste pendant des mois sur le lieu de travail, alors le fameux &#8220;<strong>stress chronique<\/strong>&#8221; se met en place. Cela n&#8217;a plus rien \u00e0 voir avec l&#8217;adr\u00e9naline. Le stress chronique est m\u00e9di\u00e9 par le <strong>cortisol<\/strong>, l&#8217;hormone de stress du cortex surr\u00e9nalien, qui agit beaucoup plus longtemps. Et c&#8217;est ce stress qui nous rend malades. Le cortisol, comme son nom l&#8217;indique, est comme la cortisone en termes d&#8217;effet. Et nous savons tous \u00e0 quoi ressemble une personne et comment elle se sent lorsqu&#8217;elle re\u00e7oit de fortes doses de cortisone sur une longue p\u00e9riode. Une telle personne est souvent confront\u00e9e \u00e0 une prise de poids, sa peau s&#8217;amincit, elle souffre de coagulation, de diab\u00e8te et d&#8217;hypertension art\u00e9rielle. Et ce sont l\u00e0 encore des facteurs qui, si la phase se prolonge, conduisent \u00e0 des crises cardiaques et \u00e0 des accidents vasculaires c\u00e9r\u00e9braux. Voil\u00e0, en quelques mots, le m\u00e9canisme par lequel le stress chronique nous rend malades.<\/p>\n\n\n\n<figure class=\"wp-block-image size-large\"><img decoding=\"async\" loading=\"lazy\" width=\"1024\" height=\"678\" src=\"https:\/\/www.spadreams.fr\/blog\/wp-content\/uploads\/sites\/8\/2021\/10\/Blog-1_Photo-3-1024x678.jpg\" alt=\"Ardoise avec la formule chimique du cortisol\" class=\"wp-image-2476\" srcset=\"https:\/\/www.spadreams.fr\/blog\/wp-content\/uploads\/sites\/8\/2021\/10\/Blog-1_Photo-3-1024x678.jpg 1024w, https:\/\/www.spadreams.fr\/blog\/wp-content\/uploads\/sites\/8\/2021\/10\/Blog-1_Photo-3-300x199.jpg 300w, https:\/\/www.spadreams.fr\/blog\/wp-content\/uploads\/sites\/8\/2021\/10\/Blog-1_Photo-3-768x509.jpg 768w, https:\/\/www.spadreams.fr\/blog\/wp-content\/uploads\/sites\/8\/2021\/10\/Blog-1_Photo-3-1536x1018.jpg 1536w, https:\/\/www.spadreams.fr\/blog\/wp-content\/uploads\/sites\/8\/2021\/10\/Blog-1_Photo-3-1920x1272.jpg 1920w, https:\/\/www.spadreams.fr\/blog\/wp-content\/uploads\/sites\/8\/2021\/10\/Blog-1_Photo-3-600x398.jpg 600w, https:\/\/www.spadreams.fr\/blog\/wp-content\/uploads\/sites\/8\/2021\/10\/Blog-1_Photo-3-800x530.jpg 800w, https:\/\/www.spadreams.fr\/blog\/wp-content\/uploads\/sites\/8\/2021\/10\/Blog-1_Photo-3-143x96.jpg 143w, https:\/\/www.spadreams.fr\/blog\/wp-content\/uploads\/sites\/8\/2021\/10\/Blog-1_Photo-3.jpg 2000w\" sizes=\"(max-width: 1024px) 100vw, 1024px\" \/><\/figure>\n\n\n\n<h2 class=\"wp-block-heading\"><strong>\u00c0 partir de quel moment parle-t-on de stress chronique ?<\/strong><\/h2>\n\n\n\n<p>Le cortisol arrive apr\u00e8s quelques jours, mais il ne fait de r\u00e9els d\u00e9g\u00e2ts qu&#8217;<strong>apr\u00e8s 3 mois<\/strong>. Donc, pour toute phase de stress qui dure plus de 3 mois, il faut r\u00e9fl\u00e9chir \u00e0 la mani\u00e8re d&#8217;en sortir et \u00e0 ce que l&#8217;on peut faire pour se d\u00e9connecter. Ces 3 mois sont une limite quelque peu artificielle, mais ils correspondent, de par notre exp\u00e9rience, au moment o\u00f9 de nombreux probl\u00e8mes de sant\u00e9 commencent.<\/p>\n\n\n\n<h2 class=\"wp-block-heading\"><strong>Il existe pourtant des limites ou des niveaux de tol\u00e9rance individuels, n&#8217;est-ce pas ? Comment puis-je reconna\u00eetre que je subis trop de stress ?<\/strong><\/h2>\n\n\n\n<p>Je le reconnais gr\u00e2ce \u00e0 l&#8217;apparition de <strong>sympt\u00f4mes physiques<\/strong>. C&#8217;est-\u00e0-dire lorsque vous ne vous sentez pas seulement stress\u00e9, mais lorsque l&#8217;organe qui r\u00e9agit le plus au stress envoie des signaux. Pour certaines personnes, ce sont les <strong>intestins<\/strong>, pour d&#8217;autres, c&#8217;est le <strong>mal de dos<\/strong>. Il y a ensuite les personnes qui manifestent des probl\u00e8mes d&#8217;<strong>hypertension art\u00e9rielle<\/strong> et celles qui souffrent de <strong>maux de t\u00eate <\/strong>et de <strong>troubles du sommeil<\/strong>. Ces types de r\u00e9actions devraient \u00eatre un signal d&#8217;alarme clair. C&#8217;est \u00e0 ce moment-l\u00e0, au plus tard, qu&#8217;il faut agir. Si l&#8217;on ignore ces r\u00e9actions corporelles sur une plus longue p\u00e9riode, alors un <strong>\u00e9puisement professionnel (burn-out)<\/strong> est imminent. Dans ce cas, la production de cortisol n&#8217;est plus suffisante et l&#8217;on atteint un \u00e9tat dit de &#8220;<strong>low cortisol<\/strong>&#8220;. Le burnout est le stade tardif, qui devrait et ne doit pas \u00eatre atteint. Une personne qui ne se sent que chroniquement stress\u00e9e, et qui se sent parfaitement bien physiquement, n&#8217;existe pas.<\/p>\n\n\n\n<figure class=\"wp-block-image size-large\"><img decoding=\"async\" loading=\"lazy\" width=\"1024\" height=\"682\" src=\"https:\/\/www.spadreams.fr\/blog\/wp-content\/uploads\/sites\/8\/2021\/10\/Blog-1_Photo-4-1-1024x682.jpg\" alt=\"Gros plan d'un texte sur le stress avec des chiffres et des signes de pourcentage sur une jauge de compteur\" class=\"wp-image-2481\" srcset=\"https:\/\/www.spadreams.fr\/blog\/wp-content\/uploads\/sites\/8\/2021\/10\/Blog-1_Photo-4-1-1024x682.jpg 1024w, https:\/\/www.spadreams.fr\/blog\/wp-content\/uploads\/sites\/8\/2021\/10\/Blog-1_Photo-4-1-300x200.jpg 300w, https:\/\/www.spadreams.fr\/blog\/wp-content\/uploads\/sites\/8\/2021\/10\/Blog-1_Photo-4-1-768x512.jpg 768w, https:\/\/www.spadreams.fr\/blog\/wp-content\/uploads\/sites\/8\/2021\/10\/Blog-1_Photo-4-1-1536x1024.jpg 1536w, https:\/\/www.spadreams.fr\/blog\/wp-content\/uploads\/sites\/8\/2021\/10\/Blog-1_Photo-4-1-1920x1280.jpg 1920w, https:\/\/www.spadreams.fr\/blog\/wp-content\/uploads\/sites\/8\/2021\/10\/Blog-1_Photo-4-1-600x400.jpg 600w, https:\/\/www.spadreams.fr\/blog\/wp-content\/uploads\/sites\/8\/2021\/10\/Blog-1_Photo-4-1-800x533.jpg 800w, https:\/\/www.spadreams.fr\/blog\/wp-content\/uploads\/sites\/8\/2021\/10\/Blog-1_Photo-4-1-227x152.jpg 227w, https:\/\/www.spadreams.fr\/blog\/wp-content\/uploads\/sites\/8\/2021\/10\/Blog-1_Photo-4-1-143x96.jpg 143w, https:\/\/www.spadreams.fr\/blog\/wp-content\/uploads\/sites\/8\/2021\/10\/Blog-1_Photo-4-1-585x390.jpg 585w, https:\/\/www.spadreams.fr\/blog\/wp-content\/uploads\/sites\/8\/2021\/10\/Blog-1_Photo-4-1-385x257.jpg 385w, https:\/\/www.spadreams.fr\/blog\/wp-content\/uploads\/sites\/8\/2021\/10\/Blog-1_Photo-4-1.jpg 2000w\" sizes=\"(max-width: 1024px) 100vw, 1024px\" \/><\/figure>\n\n\n\n<h2 class=\"wp-block-heading\"><strong>Avez-vous remarqu\u00e9 que certains groupes de personnes sont particuli\u00e8rement expos\u00e9s au stress ? S&#8217;agit-il plut\u00f4t du cadre sup\u00e9rieur qui est tr\u00e8s occup\u00e9 au travail ou plut\u00f4t de la m\u00e8re c\u00e9libataire ?<\/strong><\/h2>\n\n\n\n<p>Oui, c&#8217;est une bonne question. D&#8217;une part, cela d\u00e9pend de ce que ce que l&#8217;on consid\u00e8re comme naturel et et de ce qui ne l&#8217;est pas. La m\u00e8re c\u00e9libataire per\u00e7oit ses t\u00e2ches <strong>comme justes et importantes<\/strong>. Elle est pr\u00eate \u00e0 faire n&#8217;importe quoi pour son enfant. Ce sentiment d&#8217;utilit\u00e9 peut faire d\u00e9faut au manager qui a d\u00e9j\u00e0 travaill\u00e9 18 heures et qui croit encore qu&#8217;il ne pourra pas respecter un d\u00e9lai. \u00c0 ce <strong>sentiment d&#8217;insignifiance<\/strong> et d&#8217;<strong>exigences excessives<\/strong> peut s&#8217;ajouter la <strong>crainte <\/strong>d&#8217;\u00eatre licenci\u00e9 pour n&#8217;avoir pas tenu ses engagements. Nous observons souvent un stress chronique chez les <strong>managers <\/strong>qui se trouvent dans une <strong>position sandwich<\/strong>, c&#8217;est-\u00e0-dire qui sont soumis \u00e0 des pressions venant d&#8217;en haut et d&#8217;en bas. Les <strong>propri\u00e9taires d&#8217;entreprises<\/strong> de taille moyenne ont \u00e9galement souvent des craintes existentielles, r\u00e9sultant d&#8217;un non-fonctionnement de l&#8217;entreprise ou m\u00eame d&#8217;un \u00e9v\u00e9nement sp\u00e9cial tel qu&#8217;une inondation ou autre. Ce sont des facteurs de stress qui ne peuvent pas \u00eatre simplement expliqu\u00e9s.<\/p>\n\n\n\n<h2 class=\"wp-block-heading\"><strong>Que pouvez-vous faire alors ? Quels sont les rem\u00e8des contre le stress qui fonctionnent pour la plupart des gens ?<\/strong><\/h2>\n\n\n\n<p>J&#8217;ai \u00e9crit un <strong>livre intitul\u00e9 &#8220;Stressintelligenz&#8221; (en anglais : &#8220;Stress Intelligence&#8221;)<\/strong>. Dans ce livre, je pr\u00e9sente <strong>trois \u00e9tapes<\/strong>.<\/p>\n\n\n\n<p>La <strong>premi\u00e8re \u00e9tape<\/strong> consiste <strong>\u00e0 identifier et \u00e0 r\u00e9duire vos facteurs de stress<\/strong>. Vous devez vous asseoir et r\u00e9fl\u00e9chir aux facteurs de stress que vous pouvez \u00e9liminer. Nous rencontrons chaque jour de nombreux facteurs de stress. Par exemple, le chemin pour aller au travail est d\u00e9j\u00e0 un facteur de stress pour de nombreuses personnes. Nous devrions \u00e9galement nous d\u00e9barrasser des r\u00e9unions qui ne font qu&#8217;alourdir la journ\u00e9e et la rendre plus fatigante sans rien apporter. Il en va de m\u00eame pour la sph\u00e8re priv\u00e9e. Ici, il faut se demander : &#8220;Quelles sont les rencontres qui apportent vraiment une valeur ajout\u00e9e \u00e0 ma vie ?&#8221; Certains facteurs de stress ne peuvent bien s\u00fbr pas \u00eatre tri\u00e9s, surtout dans un contexte professionnel. Mais peut-\u00eatre existe-t-il une autre profession qui n&#8217;est pas aussi stressante.<\/p>\n\n\n\n<p>La <strong>deuxi\u00e8me \u00e9tape<\/strong> consiste \u00e0 renforcer la r\u00e9silience, c&#8217;est-\u00e0-dire \u00e0 <strong>rendre le physique plus r\u00e9sistant<\/strong>. J&#8217;ai besoin d&#8217;une sorte d&#8217;armure contre les facteurs de stress qui subsistent. L&#8217;activit\u00e9 physique sous forme de sport, par exemple, entra\u00eene une r\u00e9duction consid\u00e9rable du stress. Vous pouvez prendre la r\u00e9solution d&#8217;aller marcher 5 km tous les jours \u00e0 partir de maintenant ou de pratiquer un sport que vous aimez. Une alimentation saine est \u00e9galement tr\u00e8s importante dans ce contexte.<\/p>\n\n\n\n<p>La <strong>troisi\u00e8me \u00e9tape<\/strong> consiste \u00e0 <strong>rendre le psychisme plus r\u00e9sistant<\/strong>. Vous devez trouver une m\u00e9thode qui vous convient individuellement afin de pouvoir vous arr\u00eater activement \u00e0 tout moment. La spiritualit\u00e9, la m\u00e9ditation, aide certaines personnes. D&#8217;autres personnes, plus rationnelles, s&#8217;en sortent bien avec le training autog\u00e8ne ou des livres audio relaxants.<\/p>\n\n\n\n<figure class=\"wp-block-image size-large\"><img decoding=\"async\" loading=\"lazy\" width=\"1024\" height=\"564\" src=\"https:\/\/www.spadreams.fr\/blog\/wp-content\/uploads\/sites\/8\/2021\/10\/Blog-1_Photo-5-1024x564.jpg\" alt=\"Avoir moins de stress ou \u00eatre sans stress. La main tourne un cube et change le mot &quot;STRESS&quot; en &quot;LESS&quot;.\" class=\"wp-image-2490\" srcset=\"https:\/\/www.spadreams.fr\/blog\/wp-content\/uploads\/sites\/8\/2021\/10\/Blog-1_Photo-5-1024x564.jpg 1024w, https:\/\/www.spadreams.fr\/blog\/wp-content\/uploads\/sites\/8\/2021\/10\/Blog-1_Photo-5-300x165.jpg 300w, https:\/\/www.spadreams.fr\/blog\/wp-content\/uploads\/sites\/8\/2021\/10\/Blog-1_Photo-5-768x423.jpg 768w, https:\/\/www.spadreams.fr\/blog\/wp-content\/uploads\/sites\/8\/2021\/10\/Blog-1_Photo-5-1536x846.jpg 1536w, https:\/\/www.spadreams.fr\/blog\/wp-content\/uploads\/sites\/8\/2021\/10\/Blog-1_Photo-5-1920x1057.jpg 1920w, https:\/\/www.spadreams.fr\/blog\/wp-content\/uploads\/sites\/8\/2021\/10\/Blog-1_Photo-5-600x330.jpg 600w, https:\/\/www.spadreams.fr\/blog\/wp-content\/uploads\/sites\/8\/2021\/10\/Blog-1_Photo-5-800x440.jpg 800w, https:\/\/www.spadreams.fr\/blog\/wp-content\/uploads\/sites\/8\/2021\/10\/Blog-1_Photo-5.jpg 2000w\" sizes=\"(max-width: 1024px) 100vw, 1024px\" \/><\/figure>\n\n\n\n<h2 class=\"wp-block-heading\"><strong>Quelle est l&#8217;importance d&#8217;une bonne nuit de sommeil dans ce contexte ?<\/strong><\/h2>\n\n\n\n<p>L&#8217;importance d&#8217;une <strong>bonne nuit de sommeil <\/strong>ne peut \u00eatre sous-estim\u00e9e. Il s&#8217;agit clairement d&#8217;<strong>une chose sacr\u00e9e<\/strong> en mati\u00e8re de pr\u00e9vention. Bien entendu, il est essentiel (si vous faites partie des dormeurs un peu l\u00e9gers) de ne pas pr\u00e9tendre atteindre un certain nombre comme 7 ou 8 heures. On le r\u00e9p\u00e8te toujours comme un moulin \u00e0 paroles, mais ce n&#8217;est pas si simple. Il s&#8217;agit avant tout de<strong> se sentir frais et dispos\u00e9 le matin<\/strong>. Si 5 heures suffisent, il n&#8217;est pas n\u00e9cessaire de se forcer \u00e0 dormir plus longtemps. Mais la plupart des gens ont besoin de 7 heures de sommeil environ. Le sommeil est la m\u00e9thode de relaxation qui est sup\u00e9rieure \u00e0 toutes les autres. M\u00eame une sieste en milieu de journ\u00e9e peut apporter beaucoup de d\u00e9tente. Mais celle-ci ne doit pas avoir lieu apr\u00e8s 15 heures et ne doit pas durer plus d&#8217;une demi-heure. Sinon, le sommeil nocturne sera perturb\u00e9. Donc, si je devais classer l&#8217;effet du sommeil sur la gestion du stress en &#8220;important, peu important, mod\u00e9r\u00e9ment important&#8221;, je ne peux que dire &#8220;extr\u00eamement important&#8221;.<\/p>\n\n\n\n<h2 class=\"wp-block-heading\"><strong>Merci beaucoup<\/strong> <strong>Professeur Bamberger pour cet interview tr\u00e8s int\u00e9ressant.<\/strong><\/h2>\n","protected":false},"excerpt":{"rendered":"<p>Apr\u00e8s avoir r\u00e9pondu \u00e0 nos questions sur le th\u00e8me des soins pr\u00e9ventifs, le professeur Christoph Bamberger r\u00e9pond dans cette interview \u00e0 nos questions sur la gestion du stress. Le professeur Bamberger est sp\u00e9cialiste en m\u00e9decine interne et en endocrinologie. Il dirige le Conradia Medical Prevention Center \u00e0 Hambourg, o\u00f9 la gestion du stress fait partie [&hellip;]<\/p>\n","protected":false},"author":20,"featured_media":2468,"comment_status":"closed","ping_status":"closed","sticky":false,"template":"","format":"standard","meta":{"wprm-recipe-roundup-name":"","wprm-recipe-roundup-description":"","footnotes":""},"categories":[513],"tags":[596,598,418,597],"yoast_head":"<!-- This site is optimized with the Yoast SEO plugin v22.6 - https:\/\/yoast.com\/wordpress\/plugins\/seo\/ -->\n<title>Gestion du stress : Interview avec le professeur Bamberger<\/title>\n<meta name=\"description\" content=\"Dans cette interview, le professeur Christoph Bamberger r\u00e9pond \u00e0 des questions importantes sur la gestion du stress.\" \/>\n<meta name=\"robots\" content=\"index, follow, max-snippet:-1, max-image-preview:large, max-video-preview:-1\" \/>\n<meta property=\"og:locale\" content=\"fr_FR\" \/>\n<meta property=\"og:type\" content=\"article\" \/>\n<meta property=\"og:title\" content=\"Gestion du stress : Interview avec le professeur Bamberger\" \/>\n<meta property=\"og:description\" content=\"Dans cette interview, le professeur Christoph Bamberger r\u00e9pond \u00e0 des questions importantes sur la gestion du stress.\" \/>\n<meta property=\"og:url\" content=\"https:\/\/www.spadreams.fr\/blog\/interview-avec-le-prof-christoph-bamberger-sur-la-gestion-du-stress\/\" \/>\n<meta property=\"og:site_name\" content=\"Blog SpaDreams\" \/>\n<meta property=\"article:published_time\" content=\"2021-10-11T08:30:06+00:00\" \/>\n<meta property=\"article:modified_time\" content=\"2021-12-21T09:14:59+00:00\" \/>\n<meta property=\"og:image\" content=\"https:\/\/www.spadreams.fr\/blog\/wp-content\/uploads\/sites\/8\/2021\/10\/Blog-1_Featured-Image-1-scaled.jpeg\" \/>\n\t<meta property=\"og:image:width\" content=\"2048\" \/>\n\t<meta property=\"og:image:height\" content=\"647\" \/>\n\t<meta property=\"og:image:type\" content=\"image\/jpeg\" \/>\n<meta name=\"author\" content=\"R\u00e9daction SpaDreams\" \/>\n<meta name=\"twitter:card\" content=\"summary_large_image\" \/>\n<meta name=\"twitter:label1\" content=\"\u00c9crit par\" \/>\n\t<meta name=\"twitter:data1\" content=\"R\u00e9daction SpaDreams\" \/>\n\t<meta name=\"twitter:label2\" content=\"Dur\u00e9e de lecture estim\u00e9e\" \/>\n\t<meta name=\"twitter:data2\" content=\"9 minutes\" \/>\n<script type=\"application\/ld+json\" class=\"yoast-schema-graph\">{\"@context\":\"https:\/\/schema.org\",\"@graph\":[{\"@type\":\"WebPage\",\"@id\":\"https:\/\/www.spadreams.fr\/blog\/interview-avec-le-prof-christoph-bamberger-sur-la-gestion-du-stress\/\",\"url\":\"https:\/\/www.spadreams.fr\/blog\/interview-avec-le-prof-christoph-bamberger-sur-la-gestion-du-stress\/\",\"name\":\"Gestion du stress : Interview avec le professeur Bamberger\",\"isPartOf\":{\"@id\":\"https:\/\/www.spadreams.fr\/blog\/#website\"},\"primaryImageOfPage\":{\"@id\":\"https:\/\/www.spadreams.fr\/blog\/interview-avec-le-prof-christoph-bamberger-sur-la-gestion-du-stress\/#primaryimage\"},\"image\":{\"@id\":\"https:\/\/www.spadreams.fr\/blog\/interview-avec-le-prof-christoph-bamberger-sur-la-gestion-du-stress\/#primaryimage\"},\"thumbnailUrl\":\"https:\/\/www.spadreams.fr\/blog\/wp-content\/uploads\/sites\/8\/2021\/10\/Blog-1_Featured-Image-1-scaled.jpeg\",\"datePublished\":\"2021-10-11T08:30:06+00:00\",\"dateModified\":\"2021-12-21T09:14:59+00:00\",\"author\":{\"@id\":\"https:\/\/www.spadreams.fr\/blog\/#\/schema\/person\/6d4f2e7705bba123a877fc8b92cf1771\"},\"description\":\"Dans cette interview, le professeur Christoph Bamberger r\u00e9pond \u00e0 des questions importantes sur la gestion du stress.\",\"breadcrumb\":{\"@id\":\"https:\/\/www.spadreams.fr\/blog\/interview-avec-le-prof-christoph-bamberger-sur-la-gestion-du-stress\/#breadcrumb\"},\"inLanguage\":\"fr-FR\",\"potentialAction\":[{\"@type\":\"ReadAction\",\"target\":[\"https:\/\/www.spadreams.fr\/blog\/interview-avec-le-prof-christoph-bamberger-sur-la-gestion-du-stress\/\"]}]},{\"@type\":\"ImageObject\",\"inLanguage\":\"fr-FR\",\"@id\":\"https:\/\/www.spadreams.fr\/blog\/interview-avec-le-prof-christoph-bamberger-sur-la-gestion-du-stress\/#primaryimage\",\"url\":\"https:\/\/www.spadreams.fr\/blog\/wp-content\/uploads\/sites\/8\/2021\/10\/Blog-1_Featured-Image-1-scaled.jpeg\",\"contentUrl\":\"https:\/\/www.spadreams.fr\/blog\/wp-content\/uploads\/sites\/8\/2021\/10\/Blog-1_Featured-Image-1-scaled.jpeg\",\"width\":2048,\"height\":647,\"caption\":\"Interview avec le Prof. Christoph Bamberger sur la gestion du stress\"},{\"@type\":\"BreadcrumbList\",\"@id\":\"https:\/\/www.spadreams.fr\/blog\/interview-avec-le-prof-christoph-bamberger-sur-la-gestion-du-stress\/#breadcrumb\",\"itemListElement\":[{\"@type\":\"ListItem\",\"position\":1,\"name\":\"Home\",\"item\":\"https:\/\/www.spadreams.fr\/blog\/\"},{\"@type\":\"ListItem\",\"position\":2,\"name\":\"Voyages sant\u00e9\",\"item\":\"https:\/\/www.spadreams.fr\/blog\/voyages-sante\/\"},{\"@type\":\"ListItem\",\"position\":3,\"name\":\"Interview avec le Prof. Christoph Bamberger sur la gestion du stress\"}]},{\"@type\":\"WebSite\",\"@id\":\"https:\/\/www.spadreams.fr\/blog\/#website\",\"url\":\"https:\/\/www.spadreams.fr\/blog\/\",\"name\":\"Blog SpaDreams\",\"description\":\"Entrez dans l&#039;univers du bien-\u00eatre et de la sant\u00e9\",\"potentialAction\":[{\"@type\":\"SearchAction\",\"target\":{\"@type\":\"EntryPoint\",\"urlTemplate\":\"https:\/\/www.spadreams.fr\/blog\/?s={search_term_string}\"},\"query-input\":\"required name=search_term_string\"}],\"inLanguage\":\"fr-FR\"},{\"@type\":\"Person\",\"@id\":\"https:\/\/www.spadreams.fr\/blog\/#\/schema\/person\/6d4f2e7705bba123a877fc8b92cf1771\",\"name\":\"R\u00e9daction SpaDreams\",\"image\":{\"@type\":\"ImageObject\",\"inLanguage\":\"fr-FR\",\"@id\":\"https:\/\/www.spadreams.fr\/blog\/#\/schema\/person\/image\/\",\"url\":\"https:\/\/secure.gravatar.com\/avatar\/49a7de54bed8acfe3416c0fbedbf62f3?s=96&d=mm&r=g\",\"contentUrl\":\"https:\/\/secure.gravatar.com\/avatar\/49a7de54bed8acfe3416c0fbedbf62f3?s=96&d=mm&r=g\",\"caption\":\"R\u00e9daction SpaDreams\"},\"url\":\"https:\/\/www.spadreams.fr\/blog\/author\/fr-admin\/\"}]}<\/script>\n<!-- \/ Yoast SEO plugin. -->","yoast_head_json":{"title":"Gestion du stress : Interview avec le professeur Bamberger","description":"Dans cette interview, le professeur Christoph Bamberger r\u00e9pond \u00e0 des questions importantes sur la gestion du stress.","robots":{"index":"index","follow":"follow","max-snippet":"max-snippet:-1","max-image-preview":"max-image-preview:large","max-video-preview":"max-video-preview:-1"},"og_locale":"fr_FR","og_type":"article","og_title":"Gestion du stress : Interview avec le professeur Bamberger","og_description":"Dans cette interview, le professeur Christoph Bamberger r\u00e9pond \u00e0 des questions importantes sur la gestion du stress.","og_url":"https:\/\/www.spadreams.fr\/blog\/interview-avec-le-prof-christoph-bamberger-sur-la-gestion-du-stress\/","og_site_name":"Blog SpaDreams","article_published_time":"2021-10-11T08:30:06+00:00","article_modified_time":"2021-12-21T09:14:59+00:00","og_image":[{"width":2048,"height":647,"url":"https:\/\/www.spadreams.fr\/blog\/wp-content\/uploads\/sites\/8\/2021\/10\/Blog-1_Featured-Image-1-scaled.jpeg","type":"image\/jpeg"}],"author":"R\u00e9daction SpaDreams","twitter_card":"summary_large_image","twitter_misc":{"\u00c9crit par":"R\u00e9daction SpaDreams","Dur\u00e9e de lecture estim\u00e9e":"9 minutes"},"schema":{"@context":"https:\/\/schema.org","@graph":[{"@type":"WebPage","@id":"https:\/\/www.spadreams.fr\/blog\/interview-avec-le-prof-christoph-bamberger-sur-la-gestion-du-stress\/","url":"https:\/\/www.spadreams.fr\/blog\/interview-avec-le-prof-christoph-bamberger-sur-la-gestion-du-stress\/","name":"Gestion du stress : Interview avec le professeur Bamberger","isPartOf":{"@id":"https:\/\/www.spadreams.fr\/blog\/#website"},"primaryImageOfPage":{"@id":"https:\/\/www.spadreams.fr\/blog\/interview-avec-le-prof-christoph-bamberger-sur-la-gestion-du-stress\/#primaryimage"},"image":{"@id":"https:\/\/www.spadreams.fr\/blog\/interview-avec-le-prof-christoph-bamberger-sur-la-gestion-du-stress\/#primaryimage"},"thumbnailUrl":"https:\/\/www.spadreams.fr\/blog\/wp-content\/uploads\/sites\/8\/2021\/10\/Blog-1_Featured-Image-1-scaled.jpeg","datePublished":"2021-10-11T08:30:06+00:00","dateModified":"2021-12-21T09:14:59+00:00","author":{"@id":"https:\/\/www.spadreams.fr\/blog\/#\/schema\/person\/6d4f2e7705bba123a877fc8b92cf1771"},"description":"Dans cette interview, le professeur Christoph Bamberger r\u00e9pond \u00e0 des questions importantes sur la gestion du stress.","breadcrumb":{"@id":"https:\/\/www.spadreams.fr\/blog\/interview-avec-le-prof-christoph-bamberger-sur-la-gestion-du-stress\/#breadcrumb"},"inLanguage":"fr-FR","potentialAction":[{"@type":"ReadAction","target":["https:\/\/www.spadreams.fr\/blog\/interview-avec-le-prof-christoph-bamberger-sur-la-gestion-du-stress\/"]}]},{"@type":"ImageObject","inLanguage":"fr-FR","@id":"https:\/\/www.spadreams.fr\/blog\/interview-avec-le-prof-christoph-bamberger-sur-la-gestion-du-stress\/#primaryimage","url":"https:\/\/www.spadreams.fr\/blog\/wp-content\/uploads\/sites\/8\/2021\/10\/Blog-1_Featured-Image-1-scaled.jpeg","contentUrl":"https:\/\/www.spadreams.fr\/blog\/wp-content\/uploads\/sites\/8\/2021\/10\/Blog-1_Featured-Image-1-scaled.jpeg","width":2048,"height":647,"caption":"Interview avec le Prof. Christoph Bamberger sur la gestion du stress"},{"@type":"BreadcrumbList","@id":"https:\/\/www.spadreams.fr\/blog\/interview-avec-le-prof-christoph-bamberger-sur-la-gestion-du-stress\/#breadcrumb","itemListElement":[{"@type":"ListItem","position":1,"name":"Home","item":"https:\/\/www.spadreams.fr\/blog\/"},{"@type":"ListItem","position":2,"name":"Voyages sant\u00e9","item":"https:\/\/www.spadreams.fr\/blog\/voyages-sante\/"},{"@type":"ListItem","position":3,"name":"Interview avec le Prof. Christoph Bamberger sur la gestion du stress"}]},{"@type":"WebSite","@id":"https:\/\/www.spadreams.fr\/blog\/#website","url":"https:\/\/www.spadreams.fr\/blog\/","name":"Blog SpaDreams","description":"Entrez dans l&#039;univers du bien-\u00eatre et de la sant\u00e9","potentialAction":[{"@type":"SearchAction","target":{"@type":"EntryPoint","urlTemplate":"https:\/\/www.spadreams.fr\/blog\/?s={search_term_string}"},"query-input":"required name=search_term_string"}],"inLanguage":"fr-FR"},{"@type":"Person","@id":"https:\/\/www.spadreams.fr\/blog\/#\/schema\/person\/6d4f2e7705bba123a877fc8b92cf1771","name":"R\u00e9daction SpaDreams","image":{"@type":"ImageObject","inLanguage":"fr-FR","@id":"https:\/\/www.spadreams.fr\/blog\/#\/schema\/person\/image\/","url":"https:\/\/secure.gravatar.com\/avatar\/49a7de54bed8acfe3416c0fbedbf62f3?s=96&d=mm&r=g","contentUrl":"https:\/\/secure.gravatar.com\/avatar\/49a7de54bed8acfe3416c0fbedbf62f3?s=96&d=mm&r=g","caption":"R\u00e9daction SpaDreams"},"url":"https:\/\/www.spadreams.fr\/blog\/author\/fr-admin\/"}]}},"_links":{"self":[{"href":"https:\/\/www.spadreams.fr\/blog\/wp-json\/wp\/v2\/posts\/2464"}],"collection":[{"href":"https:\/\/www.spadreams.fr\/blog\/wp-json\/wp\/v2\/posts"}],"about":[{"href":"https:\/\/www.spadreams.fr\/blog\/wp-json\/wp\/v2\/types\/post"}],"author":[{"embeddable":true,"href":"https:\/\/www.spadreams.fr\/blog\/wp-json\/wp\/v2\/users\/20"}],"replies":[{"embeddable":true,"href":"https:\/\/www.spadreams.fr\/blog\/wp-json\/wp\/v2\/comments?post=2464"}],"version-history":[{"count":27,"href":"https:\/\/www.spadreams.fr\/blog\/wp-json\/wp\/v2\/posts\/2464\/revisions"}],"predecessor-version":[{"id":2498,"href":"https:\/\/www.spadreams.fr\/blog\/wp-json\/wp\/v2\/posts\/2464\/revisions\/2498"}],"wp:featuredmedia":[{"embeddable":true,"href":"https:\/\/www.spadreams.fr\/blog\/wp-json\/wp\/v2\/media\/2468"}],"wp:attachment":[{"href":"https:\/\/www.spadreams.fr\/blog\/wp-json\/wp\/v2\/media?parent=2464"}],"wp:term":[{"taxonomy":"category","embeddable":true,"href":"https:\/\/www.spadreams.fr\/blog\/wp-json\/wp\/v2\/categories?post=2464"},{"taxonomy":"post_tag","embeddable":true,"href":"https:\/\/www.spadreams.fr\/blog\/wp-json\/wp\/v2\/tags?post=2464"}],"curies":[{"name":"wp","href":"https:\/\/api.w.org\/{rel}","templated":true}]}}