{"id":2499,"date":"2021-10-20T09:45:55","date_gmt":"2021-10-20T08:45:55","guid":{"rendered":"https:\/\/www.spadreams.fr\/blog\/?p=2499"},"modified":"2021-12-21T10:14:38","modified_gmt":"2021-12-21T09:14:38","slug":"sejour-ayurvedique-au-sri-lanka-durant-la-covid-19-retour-dexperience","status":"publish","type":"post","link":"https:\/\/www.spadreams.fr\/blog\/sejour-ayurvedique-au-sri-lanka-durant-la-covid-19-retour-dexperience\/","title":{"rendered":"S\u00e9jour ayurv\u00e9dique au Sri Lanka durant la COVID-19 : Retour d&#8217;exp\u00e9rience"},"content":{"rendered":"\n<p>Claudia Wagner, l&#8217;un des directeurs de SpaDreams, vient de rentrer d&#8217;un s\u00e9jour ayurv\u00e9dique au Sri Lanka et nous fait part de ses impressions sur les possibilit\u00e9s de voyage actuelles. Pendant son s\u00e9jour de deux semaines, elle a visit\u00e9 plusieurs h\u00f4tels. Nous allons donc apprendre comment se d\u00e9roulent actuellement les vacances sur l&#8217;\u00eele tropicale et pourquoi un s\u00e9jour ayurv\u00e9dique est aujourd&#8217;hui plus indiqu\u00e9e que jamais.<\/p>\n\n\n\n<figure class=\"wp-block-image size-large\"><img decoding=\"async\" loading=\"lazy\" width=\"1024\" height=\"498\" src=\"https:\/\/www.spadreams.fr\/blog\/wp-content\/uploads\/sites\/8\/2021\/10\/Blog-1_Photo-1-Claudia-at-Barberyn-Beach-mit-Mrs-Mily-1024x498.jpg\" alt=\"\" class=\"wp-image-2541\" srcset=\"https:\/\/www.spadreams.fr\/blog\/wp-content\/uploads\/sites\/8\/2021\/10\/Blog-1_Photo-1-Claudia-at-Barberyn-Beach-mit-Mrs-Mily-1024x498.jpg 1024w, https:\/\/www.spadreams.fr\/blog\/wp-content\/uploads\/sites\/8\/2021\/10\/Blog-1_Photo-1-Claudia-at-Barberyn-Beach-mit-Mrs-Mily-300x146.jpg 300w, https:\/\/www.spadreams.fr\/blog\/wp-content\/uploads\/sites\/8\/2021\/10\/Blog-1_Photo-1-Claudia-at-Barberyn-Beach-mit-Mrs-Mily-768x373.jpg 768w, https:\/\/www.spadreams.fr\/blog\/wp-content\/uploads\/sites\/8\/2021\/10\/Blog-1_Photo-1-Claudia-at-Barberyn-Beach-mit-Mrs-Mily-1536x747.jpg 1536w, https:\/\/www.spadreams.fr\/blog\/wp-content\/uploads\/sites\/8\/2021\/10\/Blog-1_Photo-1-Claudia-at-Barberyn-Beach-mit-Mrs-Mily-scaled.jpg 2048w, https:\/\/www.spadreams.fr\/blog\/wp-content\/uploads\/sites\/8\/2021\/10\/Blog-1_Photo-1-Claudia-at-Barberyn-Beach-mit-Mrs-Mily-1920x933.jpg 1920w, https:\/\/www.spadreams.fr\/blog\/wp-content\/uploads\/sites\/8\/2021\/10\/Blog-1_Photo-1-Claudia-at-Barberyn-Beach-mit-Mrs-Mily-600x292.jpg 600w, https:\/\/www.spadreams.fr\/blog\/wp-content\/uploads\/sites\/8\/2021\/10\/Blog-1_Photo-1-Claudia-at-Barberyn-Beach-mit-Mrs-Mily-800x389.jpg 800w\" sizes=\"(max-width: 1024px) 100vw, 1024px\" \/><figcaption><em>Claudia Wagner (\u00e0 gauche) et Mme Mily au Barberyn Beach Ayurveda Resort au Sri Lanka.<\/em><\/figcaption><\/figure>\n\n\n\n<p><\/p>\n\n\n\n<h2 class=\"wp-block-heading\">Ch\u00e8re Claudia, merci d&#8217;avoir pris le temps de nous accorder un entretien aujourd&#8217;hui. Vous \u00e9tiez d\u00e9j\u00e0 sur place apr\u00e8s l&#8217;ouverture du Sri Lanka \u00e0 la fin du mois de janvier, alors maintenant, pour la deuxi\u00e8me fois, comment vous \u00eates-vous senti cette fois-ci ?<\/h2>\n\n\n\n<p>Comme en janvier, je peux continuer \u00e0 faire des \u00e9loges sur les mesures d&#8217;hygi\u00e8ne du Sri Lanka et je suis tr\u00e8s enthousiaste. Peu apr\u00e8s la r\u00e9ouverture, je m&#8217;y suis rendu avec un petit groupe de voyageurs.<br>Au cours de l&#8217;\u00e9t\u00e9, il est devenu \u00e9vident que le <a href=\"https:\/\/www.spadreams.fr\/srilanka-hello-again\/#c683147\" target=\"_blank\" rel=\"noreferrer noopener\">concept &#8220;Safe Travel&#8221;<\/a> sp\u00e9cialement con\u00e7u est la bonne approche pour relancer le tourisme dans le pays. On se sent en s\u00e9curit\u00e9 et on est bien encadr\u00e9 tout au long du s\u00e9jour.<\/p>\n\n\n\n<h2 class=\"wp-block-heading\"><strong>Vous avez d\u00e9j\u00e0 mentionn\u00e9 le concept Safe Travel du pays. Quelle est la base de ce concept d\u00e9velopp\u00e9 par l&#8217;autorit\u00e9 touristique du Sri Lanka ?<\/strong><\/h2>\n\n\n\n<p>Avant tout, les clients doivent se sentir en s\u00e9curit\u00e9 et appr\u00e9cier leurs vacances au Sri Lanka. La d\u00e9tente doit \u00eatre assur\u00e9e.<\/p>\n\n\n\n<p>Dans le cadre du concept, les h\u00f4tels pourraient demander certaines certifications. La principale distinction se fait entre les h\u00f4tels &#8220;Level 1&#8221; et les &#8220;autres certifi\u00e9s&#8221;. Les h\u00f4tels &#8220;Level 1&#8221; ne sont autoris\u00e9s \u00e0 recevoir que des clients \u00e9trangers. Le personnel doit \u00e9galement se conformer \u00e0 des r\u00e9glementations strictes. Cela inclut des tests r\u00e9guliers et le personnel r\u00e9side \u00e9galement dans les locaux de l&#8217;h\u00f4tel. Un autre aspect du concept Safe Travel est la protection de la population locale contre l&#8217;infection par les touristes. Nous sommes heureux que plusieurs de nos h\u00f4tels partenaires de s\u00e9jour ayurv\u00e9dique aient ouvert et soient certifi\u00e9s comme <a href=\"https:\/\/www.spadreams.fr\/srilanka-hello-again\/#c684064\">h\u00f4tels &#8220;Level 1&#8221;<\/a>, par exemple.<\/p>\n\n\n\n<h2 class=\"wp-block-heading\"><strong>Le Sri Lanka fait \u00e9galement une distinction entre les voyageurs vaccin\u00e9s et non vaccin\u00e9s. Quelles sont les r\u00e8gles applicables aux personnes enti\u00e8rement vaccin\u00e9es ?<\/strong><\/h2>\n\n\n\n<p>Chaque invit\u00e9, quel que soit son statut vaccinal, doit demander un visa avant son entr\u00e9e sur le territoire et pr\u00e9senter un r\u00e9sultat de test n\u00e9gatif de son pays d&#8217;origine lors de l&#8217;enregistrement \u00e0 l&#8217;a\u00e9roport. Veuillez noter que le r\u00e9sultat du test doit \u00eatre en anglais. Pour les invit\u00e9s vaccin\u00e9s, c&#8217;est \u00e0 peu pr\u00e8s tout ce qui est exig\u00e9. Ils peuvent r\u00e9server aussi bien les h\u00f4tels &#8220;level 1&#8221; que les h\u00f4tels &#8220;autres certifi\u00e9s&#8221;. Selon l&#8217;h\u00f4tel, il peut \u00eatre n\u00e9cessaire que les personnes vaccin\u00e9es subissent un test sur place ; nos experts en voyages en informeront le client au moment de la r\u00e9servation. La cure ayurv\u00e9dique des clients d\u00e9j\u00e0 vaccin\u00e9s commence g\u00e9n\u00e9ralement rapidement apr\u00e8s l&#8217;enregistrement puisqu&#8217;il n&#8217;est pas n\u00e9cessaire d&#8217;attendre les r\u00e9sultats de tests suppl\u00e9mentaires.<\/p>\n\n\n\n<h2 class=\"wp-block-heading\"><strong>Nous avons entendu dire qu&#8217;il y a des exigences suppl\u00e9mentaires pour les invit\u00e9s non vaccin\u00e9s ?<\/strong><\/h2>\n\n\n\n<p>Ceux qui ne sont pas vaccin\u00e9s peuvent r\u00e9server un s\u00e9jour dans un h\u00f4tel &#8220;level 1&#8221;. Directement apr\u00e8s l&#8217;arriv\u00e9e au Sri Lanka, un autre test PCR est effectu\u00e9. Si ce r\u00e9sultat est n\u00e9gatif, les soins ayurv\u00e9diques peuvent alors commencer. Le 12e jour, un autre test est effectu\u00e9. Ces tests PCR suppl\u00e9mentaires sont r\u00e9serv\u00e9s directement lors de la r\u00e9servation du voyage.<\/p>\n\n\n\n<figure class=\"wp-block-image size-full is-resized\"><img decoding=\"async\" loading=\"lazy\" src=\"https:\/\/www.spadreams.fr\/blog\/wp-content\/uploads\/sites\/8\/2021\/10\/SpaDreams-Sri-Lanka-Grafik-1.png\" alt=\"Graphique concept Safe Travel s\u00e9jour ayurv\u00e9dique au Sri Lanka\" class=\"wp-image-2504\" width=\"840\" height=\"704\" srcset=\"https:\/\/www.spadreams.fr\/blog\/wp-content\/uploads\/sites\/8\/2021\/10\/SpaDreams-Sri-Lanka-Grafik-1.png 940w, https:\/\/www.spadreams.fr\/blog\/wp-content\/uploads\/sites\/8\/2021\/10\/SpaDreams-Sri-Lanka-Grafik-1-300x251.png 300w, https:\/\/www.spadreams.fr\/blog\/wp-content\/uploads\/sites\/8\/2021\/10\/SpaDreams-Sri-Lanka-Grafik-1-768x644.png 768w, https:\/\/www.spadreams.fr\/blog\/wp-content\/uploads\/sites\/8\/2021\/10\/SpaDreams-Sri-Lanka-Grafik-1-600x503.png 600w, https:\/\/www.spadreams.fr\/blog\/wp-content\/uploads\/sites\/8\/2021\/10\/SpaDreams-Sri-Lanka-Grafik-1-800x671.png 800w\" sizes=\"(max-width: 840px) 100vw, 840px\" \/><figcaption><em>Le concept \u201cSafe Travel\u201d du Sri Lanka en un coup d&#8217;\u0153il.<br>Plus d&#8217;informations sur https:\/\/www.spadreams.fr\/srilanka-hello-again\/<\/em><\/figcaption><\/figure>\n\n\n\n<h2 class=\"wp-block-heading\"><strong>Comment peut-on imaginer une journ\u00e9e typique dans un h\u00f4tel &#8220;Level 1&#8221; sur place ? Devez-vous rester assis dans votre chambre d&#8217;h\u00f4tel tout le temps ou pouvez-vous explorer les lieux ?<\/strong><\/h2>\n\n\n\n<p>Le terrain d&#8217;un h\u00f4tel &#8220;Level 1&#8221; forme une &#8220;bulle biologique flexible&#8221;, appel\u00e9e &#8220;Bio Bubble&#8221; par les sri-lankais, dans laquelle vous pouvez vous d\u00e9placer librement. Vous avez le droit d&#8217;aller au restaurant, \u00e0 la piscine, etc. Dans cette bulle, des excursions vers une s\u00e9lection de sites touristiques sont \u00e9galement possibles. Pour les clients des h\u00f4tels &#8220;Level 1&#8221;, des chauffeurs sp\u00e9ciaux vous emm\u00e8nent aux attractions. Par ailleurs, la Bio Bubble dans les h\u00f4tels level 1 s&#8217;applique \u00e0 tous les clients, quel que soit leur statut vaccinal.<\/p>\n\n\n\n<h2 class=\"wp-block-heading\"><strong>Est-il permis d&#8217;aller \u00e0 la plage en tant que client d&#8217;un h\u00f4tel &#8220;Level 1&#8221; <\/strong><\/h2>\n\n\n\n<p>Les plages du Sri Lanka sont g\u00e9n\u00e9ralement ouvertes au public, et les clients peuvent donc y rencontrer des habitants. C&#8217;est l\u00e0 que la protection de la population locale mentionn\u00e9e dans le concept Safe Travel entre en jeu et, par cons\u00e9quent, les visites de plage pour les clients des h\u00f4tels &#8220;Level 1&#8221; sont suspendues. En effet, les contacts avec les habitants en dehors de l&#8217;h\u00f4tel doivent \u00eatre \u00e9vit\u00e9s dans les premi\u00e8res semaines suivant l&#8217;arriv\u00e9e. Mais cela n&#8217;a pas d&#8217;importance, certains centres ayurv\u00e9diques &#8220;Level 1&#8221; poss\u00e8dent de beaux jardins spacieux o\u00f9 vous pouvez vous d\u00e9tendre entre deux soins et profiter de vues magnifiques.<\/p>\n\n\n\n<h2 class=\"wp-block-heading\"><strong>Que se passe-t-il si l&#8217;un des r\u00e9sultats du test sur place est positif ou si vous vous sentez mal ?<\/strong><\/h2>\n\n\n\n<p>M\u00eame s&#8217;il est peu probable que l&#8217;on soit test\u00e9 positif sur place, compte tenu des pr\u00e9cautions prises, cet aspect a \u00e9t\u00e9 pris en compte dans le concept &#8221; Safe Travel &#8220;. C&#8217;est pourquoi chaque invit\u00e9, qu&#8217;il soit vaccin\u00e9 ou non, doit souscrire une assurance qui couvre la quarantaine et, si n\u00e9cessaire, l&#8217;hospitalisation dans des h\u00f4pitaux priv\u00e9s en cas de maladie. Il existe des h\u00f4tels sp\u00e9ciaux de quarantaine pour les clients qui ont \u00e9t\u00e9 test\u00e9s positifs. Dans les cas les plus graves, les clients sont emmen\u00e9s dans des h\u00f4pitaux priv\u00e9s, qui sont \u00e9quip\u00e9s des derni\u00e8res technologies m\u00e9dicales. Les co\u00fbts sont couverts par l&#8217;assurance Covid.<\/p>\n\n\n\n<h2 class=\"wp-block-heading\"><strong>D&#8217;apr\u00e8s votre t\u00e9moignage jusqu&#8217;\u00e0 pr\u00e9sent, nous pouvons constater que l&#8217;ayurveda et le Sri Lanka vont actuellement tr\u00e8s bien ensemble. Quels sont les avantages et les particularit\u00e9s d&#8217;un s\u00e9jour ayurv\u00e9dique au Sri Lanka ? Pouvez-vous pr\u00e9ciser quelques points \u00e0 nos lecteurs ?<\/strong><\/h2>\n\n\n\n<p>Apr\u00e8s l&#8217;ann\u00e9e derni\u00e8re, de nombreuses personnes se concentrent encore plus sur leur propre sant\u00e9. Soutenir son propre syst\u00e8me immunitaire, faire activement quelque chose de bon pour le corps sont autant d&#8217;aspects pris en compte par l&#8217;Ayurveda. L&#8217;Ayurveda authentique consiste en d\u00e9finitive \u00e0 r\u00e9tablir l&#8217;\u00e9quilibre entre le corps et l&#8217;esprit. Le bien-\u00eatre s&#8217;installe g\u00e9n\u00e9ralement rapidement, aussi gr\u00e2ce au climat. En particulier pendant notre p\u00e9riode d&#8217;hiver maussade, un s\u00e9jour ayurv\u00e9dique au Sri Lanka est id\u00e9al si vous souhaitez vous d\u00e9tacher du stress de la vie quotidienne et vous relaxer r\u00e9ellement.<\/p>\n\n\n\n<p>Vous rencontrez de nombreuses personnes partageant les m\u00eames id\u00e9es dans les h\u00f4tels et vous entrez imm\u00e9diatement en contact. Des conversations agr\u00e9ables et des amiti\u00e9s souvent durables s&#8217;ensuivent. Les centres ayurv\u00e9diques sont donc \u00e9galement parfaits pour les personnes voyageant seules.<\/p>\n\n\n\n<h2 class=\"wp-block-heading\"><strong>Et comment se d\u00e9roule g\u00e9n\u00e9ralement un s\u00e9jour ayurv\u00e9dique ?<\/strong><\/h2>\n\n\n\n<p>Avant de commencer les premiers traitements, chaque client a une consultation individuelle avec le m\u00e9decin ayurv\u00e9dique sur place. Au cours de cette conversation, toutes les sensibilit\u00e9s et les maladies \u00e9ventuelles sont abord\u00e9es. Les objectifs propres du client sont \u00e9galement expliqu\u00e9s. Cette premi\u00e8re consultation constitue la base du plan de traitement puisque chaque traitement ayurv\u00e9dique ne convient pas \u00e0 tous les clients.<\/p>\n\n\n\n<p>Une journ\u00e9e de cure typique commence par du yoga, suivi des soins individuels. Les repas ayurv\u00e9diques sains et adapt\u00e9s \u00e0 la morphologie font naturellement partie de la journ\u00e9e au m\u00eame titre que les pauses, les conf\u00e9rences ou les d\u00e9monstrations de cuisine.<\/p>\n\n\n\n<p>Vous \u00eates donc tr\u00e8s occup\u00e9 tout au long de la journ\u00e9e et vous n&#8217;avez pas n\u00e9cessairement besoin de quitter l&#8217;h\u00f4tel. Le s\u00e9jour dans la Bio Bubble d&#8217;un h\u00f4tel &#8220;Level 1&#8221; est donc tout \u00e0 fait adapt\u00e9.<\/p>\n\n\n\n<h2 class=\"wp-block-heading\"><strong>Il existe diff\u00e9rentes cures ayurv\u00e9diques, comment puis-je savoir laquelle me convient le mieux ?<\/strong><\/h2>\n\n\n\n<p>La plupart des cures diff\u00e8rent en termes d&#8217;intensit\u00e9 et de nombre de soins. Nos experts en voyage sont \u00e0 votre disposition pour vous conseiller et trouver avec vous un s\u00e9jour ayurv\u00e9dique adapt\u00e9 \u00e0 vos souhaits et \u00e0 vos besoins. Une fois que vous aurez trouv\u00e9 une cure, vous trouverez aussi ensemble le bon h\u00f4tel. La gamme est vaste : des h\u00f4tels ayurv\u00e9diques simples et classiques aux h\u00f4tels 5 \u00e9toiles, de l&#8217;architecture traditionnelle \u00e0 l&#8217;architecture moderne, il y a des h\u00f4tels pour tous les go\u00fbts.<\/p>\n\n\n\n<h2 class=\"wp-block-heading\"><strong>Merci Claudia d&#8217;avoir partag\u00e9 votre exp\u00e9rience avec nous.<\/strong><\/h2>\n\n\n\n<p>\u00cates-vous maintenant int\u00e9ress\u00e9 par l&#8217;Ayurveda au Sri Lanka ? Alors vous trouverez plus d&#8217;informations sur les cures ayurv\u00e9diques au Sri Lanka juste <a href=\"https:\/\/www.spadreams.fr\/ayurveda\/sri-lanka\/\" target=\"_blank\" rel=\"noreferrer noopener\">ici<\/a>.<\/p>\n\n\n\n<div class=\"fitOffers\">EMPTY api-answer: No JSON received - is the API down? Check the URL you use in the shortcode!<\/div>\n","protected":false},"excerpt":{"rendered":"<p>Claudia Wagner, l&#8217;un des directeurs de SpaDreams, vient de rentrer d&#8217;un s\u00e9jour ayurv\u00e9dique au Sri Lanka et nous fait part de ses impressions sur les possibilit\u00e9s de voyage actuelles. Pendant son s\u00e9jour de deux semaines, elle a visit\u00e9 plusieurs h\u00f4tels. Nous allons donc apprendre comment se d\u00e9roulent actuellement les vacances sur l&#8217;\u00eele tropicale et pourquoi [&hellip;]<\/p>\n","protected":false},"author":20,"featured_media":2519,"comment_status":"closed","ping_status":"closed","sticky":false,"template":"","format":"standard","meta":{"wprm-recipe-roundup-name":"","wprm-recipe-roundup-description":"","footnotes":""},"categories":[2,512,513],"tags":[381,416],"yoast_head":"<!-- This site is optimized with the Yoast SEO plugin v22.6 - https:\/\/yoast.com\/wordpress\/plugins\/seo\/ -->\n<title>S\u00e9jour ayurv\u00e9dique au Sri Lanka durant la COVID-19 : Retour d&#039;exp\u00e9rience<\/title>\n<meta name=\"description\" content=\"Dans cette interview, l&#039;un des directeurs de SpaDreams r\u00e9pond \u00e0 nos questions sur le s\u00e9jour ayurv\u00e9dique au Sri Lanka durant la Covid-19.\" \/>\n<meta name=\"robots\" content=\"index, follow, max-snippet:-1, max-image-preview:large, max-video-preview:-1\" \/>\n<meta property=\"og:locale\" content=\"fr_FR\" \/>\n<meta property=\"og:type\" content=\"article\" \/>\n<meta property=\"og:title\" content=\"S\u00e9jour ayurv\u00e9dique au Sri Lanka durant la COVID-19 : Retour d&#039;exp\u00e9rience\" \/>\n<meta property=\"og:description\" content=\"Dans cette interview, l&#039;un des directeurs de SpaDreams r\u00e9pond \u00e0 nos questions sur le s\u00e9jour ayurv\u00e9dique au Sri Lanka durant la Covid-19.\" \/>\n<meta property=\"og:url\" content=\"https:\/\/www.spadreams.fr\/blog\/sejour-ayurvedique-au-sri-lanka-durant-la-covid-19-retour-dexperience\/\" \/>\n<meta property=\"og:site_name\" content=\"Blog SpaDreams\" \/>\n<meta property=\"article:published_time\" content=\"2021-10-20T08:45:55+00:00\" \/>\n<meta property=\"article:modified_time\" content=\"2021-12-21T09:14:38+00:00\" \/>\n<meta property=\"og:image\" content=\"https:\/\/www.spadreams.fr\/blog\/wp-content\/uploads\/sites\/8\/2021\/10\/Blog-1_Featured-Image.jpg\" \/>\n\t<meta property=\"og:image:width\" content=\"2000\" \/>\n\t<meta property=\"og:image:height\" content=\"1333\" \/>\n\t<meta property=\"og:image:type\" content=\"image\/jpeg\" \/>\n<meta name=\"author\" content=\"R\u00e9daction SpaDreams\" \/>\n<meta name=\"twitter:card\" content=\"summary_large_image\" \/>\n<meta name=\"twitter:label1\" content=\"\u00c9crit par\" \/>\n\t<meta name=\"twitter:data1\" content=\"R\u00e9daction SpaDreams\" \/>\n\t<meta name=\"twitter:label2\" content=\"Dur\u00e9e de lecture estim\u00e9e\" \/>\n\t<meta name=\"twitter:data2\" content=\"8 minutes\" \/>\n<script type=\"application\/ld+json\" class=\"yoast-schema-graph\">{\"@context\":\"https:\/\/schema.org\",\"@graph\":[{\"@type\":\"WebPage\",\"@id\":\"https:\/\/www.spadreams.fr\/blog\/sejour-ayurvedique-au-sri-lanka-durant-la-covid-19-retour-dexperience\/\",\"url\":\"https:\/\/www.spadreams.fr\/blog\/sejour-ayurvedique-au-sri-lanka-durant-la-covid-19-retour-dexperience\/\",\"name\":\"S\u00e9jour ayurv\u00e9dique au Sri Lanka durant la COVID-19 : Retour d'exp\u00e9rience\",\"isPartOf\":{\"@id\":\"https:\/\/www.spadreams.fr\/blog\/#website\"},\"primaryImageOfPage\":{\"@id\":\"https:\/\/www.spadreams.fr\/blog\/sejour-ayurvedique-au-sri-lanka-durant-la-covid-19-retour-dexperience\/#primaryimage\"},\"image\":{\"@id\":\"https:\/\/www.spadreams.fr\/blog\/sejour-ayurvedique-au-sri-lanka-durant-la-covid-19-retour-dexperience\/#primaryimage\"},\"thumbnailUrl\":\"https:\/\/www.spadreams.fr\/blog\/wp-content\/uploads\/sites\/8\/2021\/10\/Blog-1_Featured-Image.jpg\",\"datePublished\":\"2021-10-20T08:45:55+00:00\",\"dateModified\":\"2021-12-21T09:14:38+00:00\",\"author\":{\"@id\":\"https:\/\/www.spadreams.fr\/blog\/#\/schema\/person\/6d4f2e7705bba123a877fc8b92cf1771\"},\"description\":\"Dans cette interview, l'un des directeurs de SpaDreams r\u00e9pond \u00e0 nos questions sur le s\u00e9jour ayurv\u00e9dique au Sri Lanka durant la Covid-19.\",\"breadcrumb\":{\"@id\":\"https:\/\/www.spadreams.fr\/blog\/sejour-ayurvedique-au-sri-lanka-durant-la-covid-19-retour-dexperience\/#breadcrumb\"},\"inLanguage\":\"fr-FR\",\"potentialAction\":[{\"@type\":\"ReadAction\",\"target\":[\"https:\/\/www.spadreams.fr\/blog\/sejour-ayurvedique-au-sri-lanka-durant-la-covid-19-retour-dexperience\/\"]}]},{\"@type\":\"ImageObject\",\"inLanguage\":\"fr-FR\",\"@id\":\"https:\/\/www.spadreams.fr\/blog\/sejour-ayurvedique-au-sri-lanka-durant-la-covid-19-retour-dexperience\/#primaryimage\",\"url\":\"https:\/\/www.spadreams.fr\/blog\/wp-content\/uploads\/sites\/8\/2021\/10\/Blog-1_Featured-Image.jpg\",\"contentUrl\":\"https:\/\/www.spadreams.fr\/blog\/wp-content\/uploads\/sites\/8\/2021\/10\/Blog-1_Featured-Image.jpg\",\"width\":2000,\"height\":1333,\"caption\":\"s\u00e9jour ayurv\u00e9dique au Sri Lanka bord de mer\"},{\"@type\":\"BreadcrumbList\",\"@id\":\"https:\/\/www.spadreams.fr\/blog\/sejour-ayurvedique-au-sri-lanka-durant-la-covid-19-retour-dexperience\/#breadcrumb\",\"itemListElement\":[{\"@type\":\"ListItem\",\"position\":1,\"name\":\"Home\",\"item\":\"https:\/\/www.spadreams.fr\/blog\/\"},{\"@type\":\"ListItem\",\"position\":2,\"name\":\"Ayurveda\",\"item\":\"https:\/\/www.spadreams.fr\/blog\/ayurveda\/\"},{\"@type\":\"ListItem\",\"position\":3,\"name\":\"S\u00e9jour ayurv\u00e9dique au Sri Lanka durant la COVID-19 : Retour d&#8217;exp\u00e9rience\"}]},{\"@type\":\"WebSite\",\"@id\":\"https:\/\/www.spadreams.fr\/blog\/#website\",\"url\":\"https:\/\/www.spadreams.fr\/blog\/\",\"name\":\"Blog SpaDreams\",\"description\":\"Entrez dans l&#039;univers du bien-\u00eatre et de la sant\u00e9\",\"potentialAction\":[{\"@type\":\"SearchAction\",\"target\":{\"@type\":\"EntryPoint\",\"urlTemplate\":\"https:\/\/www.spadreams.fr\/blog\/?s={search_term_string}\"},\"query-input\":\"required name=search_term_string\"}],\"inLanguage\":\"fr-FR\"},{\"@type\":\"Person\",\"@id\":\"https:\/\/www.spadreams.fr\/blog\/#\/schema\/person\/6d4f2e7705bba123a877fc8b92cf1771\",\"name\":\"R\u00e9daction SpaDreams\",\"image\":{\"@type\":\"ImageObject\",\"inLanguage\":\"fr-FR\",\"@id\":\"https:\/\/www.spadreams.fr\/blog\/#\/schema\/person\/image\/\",\"url\":\"https:\/\/secure.gravatar.com\/avatar\/49a7de54bed8acfe3416c0fbedbf62f3?s=96&d=mm&r=g\",\"contentUrl\":\"https:\/\/secure.gravatar.com\/avatar\/49a7de54bed8acfe3416c0fbedbf62f3?s=96&d=mm&r=g\",\"caption\":\"R\u00e9daction SpaDreams\"},\"url\":\"https:\/\/www.spadreams.fr\/blog\/author\/fr-admin\/\"}]}<\/script>\n<!-- \/ Yoast SEO plugin. -->","yoast_head_json":{"title":"S\u00e9jour ayurv\u00e9dique au Sri Lanka durant la COVID-19 : Retour d'exp\u00e9rience","description":"Dans cette interview, l'un des directeurs de SpaDreams r\u00e9pond \u00e0 nos questions sur le s\u00e9jour ayurv\u00e9dique au Sri Lanka durant la Covid-19.","robots":{"index":"index","follow":"follow","max-snippet":"max-snippet:-1","max-image-preview":"max-image-preview:large","max-video-preview":"max-video-preview:-1"},"og_locale":"fr_FR","og_type":"article","og_title":"S\u00e9jour ayurv\u00e9dique au Sri Lanka durant la COVID-19 : Retour d'exp\u00e9rience","og_description":"Dans cette interview, l'un des directeurs de SpaDreams r\u00e9pond \u00e0 nos questions sur le s\u00e9jour ayurv\u00e9dique au Sri Lanka durant la Covid-19.","og_url":"https:\/\/www.spadreams.fr\/blog\/sejour-ayurvedique-au-sri-lanka-durant-la-covid-19-retour-dexperience\/","og_site_name":"Blog SpaDreams","article_published_time":"2021-10-20T08:45:55+00:00","article_modified_time":"2021-12-21T09:14:38+00:00","og_image":[{"width":2000,"height":1333,"url":"https:\/\/www.spadreams.fr\/blog\/wp-content\/uploads\/sites\/8\/2021\/10\/Blog-1_Featured-Image.jpg","type":"image\/jpeg"}],"author":"R\u00e9daction SpaDreams","twitter_card":"summary_large_image","twitter_misc":{"\u00c9crit par":"R\u00e9daction SpaDreams","Dur\u00e9e de lecture estim\u00e9e":"8 minutes"},"schema":{"@context":"https:\/\/schema.org","@graph":[{"@type":"WebPage","@id":"https:\/\/www.spadreams.fr\/blog\/sejour-ayurvedique-au-sri-lanka-durant-la-covid-19-retour-dexperience\/","url":"https:\/\/www.spadreams.fr\/blog\/sejour-ayurvedique-au-sri-lanka-durant-la-covid-19-retour-dexperience\/","name":"S\u00e9jour ayurv\u00e9dique au Sri Lanka durant la COVID-19 : Retour d'exp\u00e9rience","isPartOf":{"@id":"https:\/\/www.spadreams.fr\/blog\/#website"},"primaryImageOfPage":{"@id":"https:\/\/www.spadreams.fr\/blog\/sejour-ayurvedique-au-sri-lanka-durant-la-covid-19-retour-dexperience\/#primaryimage"},"image":{"@id":"https:\/\/www.spadreams.fr\/blog\/sejour-ayurvedique-au-sri-lanka-durant-la-covid-19-retour-dexperience\/#primaryimage"},"thumbnailUrl":"https:\/\/www.spadreams.fr\/blog\/wp-content\/uploads\/sites\/8\/2021\/10\/Blog-1_Featured-Image.jpg","datePublished":"2021-10-20T08:45:55+00:00","dateModified":"2021-12-21T09:14:38+00:00","author":{"@id":"https:\/\/www.spadreams.fr\/blog\/#\/schema\/person\/6d4f2e7705bba123a877fc8b92cf1771"},"description":"Dans cette interview, l'un des directeurs de SpaDreams r\u00e9pond \u00e0 nos questions sur le s\u00e9jour ayurv\u00e9dique au Sri Lanka durant la Covid-19.","breadcrumb":{"@id":"https:\/\/www.spadreams.fr\/blog\/sejour-ayurvedique-au-sri-lanka-durant-la-covid-19-retour-dexperience\/#breadcrumb"},"inLanguage":"fr-FR","potentialAction":[{"@type":"ReadAction","target":["https:\/\/www.spadreams.fr\/blog\/sejour-ayurvedique-au-sri-lanka-durant-la-covid-19-retour-dexperience\/"]}]},{"@type":"ImageObject","inLanguage":"fr-FR","@id":"https:\/\/www.spadreams.fr\/blog\/sejour-ayurvedique-au-sri-lanka-durant-la-covid-19-retour-dexperience\/#primaryimage","url":"https:\/\/www.spadreams.fr\/blog\/wp-content\/uploads\/sites\/8\/2021\/10\/Blog-1_Featured-Image.jpg","contentUrl":"https:\/\/www.spadreams.fr\/blog\/wp-content\/uploads\/sites\/8\/2021\/10\/Blog-1_Featured-Image.jpg","width":2000,"height":1333,"caption":"s\u00e9jour ayurv\u00e9dique au Sri Lanka bord de mer"},{"@type":"BreadcrumbList","@id":"https:\/\/www.spadreams.fr\/blog\/sejour-ayurvedique-au-sri-lanka-durant-la-covid-19-retour-dexperience\/#breadcrumb","itemListElement":[{"@type":"ListItem","position":1,"name":"Home","item":"https:\/\/www.spadreams.fr\/blog\/"},{"@type":"ListItem","position":2,"name":"Ayurveda","item":"https:\/\/www.spadreams.fr\/blog\/ayurveda\/"},{"@type":"ListItem","position":3,"name":"S\u00e9jour ayurv\u00e9dique au Sri Lanka durant la COVID-19 : Retour d&#8217;exp\u00e9rience"}]},{"@type":"WebSite","@id":"https:\/\/www.spadreams.fr\/blog\/#website","url":"https:\/\/www.spadreams.fr\/blog\/","name":"Blog SpaDreams","description":"Entrez dans l&#039;univers du bien-\u00eatre et de la sant\u00e9","potentialAction":[{"@type":"SearchAction","target":{"@type":"EntryPoint","urlTemplate":"https:\/\/www.spadreams.fr\/blog\/?s={search_term_string}"},"query-input":"required name=search_term_string"}],"inLanguage":"fr-FR"},{"@type":"Person","@id":"https:\/\/www.spadreams.fr\/blog\/#\/schema\/person\/6d4f2e7705bba123a877fc8b92cf1771","name":"R\u00e9daction SpaDreams","image":{"@type":"ImageObject","inLanguage":"fr-FR","@id":"https:\/\/www.spadreams.fr\/blog\/#\/schema\/person\/image\/","url":"https:\/\/secure.gravatar.com\/avatar\/49a7de54bed8acfe3416c0fbedbf62f3?s=96&d=mm&r=g","contentUrl":"https:\/\/secure.gravatar.com\/avatar\/49a7de54bed8acfe3416c0fbedbf62f3?s=96&d=mm&r=g","caption":"R\u00e9daction SpaDreams"},"url":"https:\/\/www.spadreams.fr\/blog\/author\/fr-admin\/"}]}},"_links":{"self":[{"href":"https:\/\/www.spadreams.fr\/blog\/wp-json\/wp\/v2\/posts\/2499"}],"collection":[{"href":"https:\/\/www.spadreams.fr\/blog\/wp-json\/wp\/v2\/posts"}],"about":[{"href":"https:\/\/www.spadreams.fr\/blog\/wp-json\/wp\/v2\/types\/post"}],"author":[{"embeddable":true,"href":"https:\/\/www.spadreams.fr\/blog\/wp-json\/wp\/v2\/users\/20"}],"replies":[{"embeddable":true,"href":"https:\/\/www.spadreams.fr\/blog\/wp-json\/wp\/v2\/comments?post=2499"}],"version-history":[{"count":49,"href":"https:\/\/www.spadreams.fr\/blog\/wp-json\/wp\/v2\/posts\/2499\/revisions"}],"predecessor-version":[{"id":2551,"href":"https:\/\/www.spadreams.fr\/blog\/wp-json\/wp\/v2\/posts\/2499\/revisions\/2551"}],"wp:featuredmedia":[{"embeddable":true,"href":"https:\/\/www.spadreams.fr\/blog\/wp-json\/wp\/v2\/media\/2519"}],"wp:attachment":[{"href":"https:\/\/www.spadreams.fr\/blog\/wp-json\/wp\/v2\/media?parent=2499"}],"wp:term":[{"taxonomy":"category","embeddable":true,"href":"https:\/\/www.spadreams.fr\/blog\/wp-json\/wp\/v2\/categories?post=2499"},{"taxonomy":"post_tag","embeddable":true,"href":"https:\/\/www.spadreams.fr\/blog\/wp-json\/wp\/v2\/tags?post=2499"}],"curies":[{"name":"wp","href":"https:\/\/api.w.org\/{rel}","templated":true}]}}