{"id":472,"date":"2016-07-12T14:29:03","date_gmt":"2016-07-12T13:29:03","guid":{"rendered":"https:\/\/www.spadreams.fr\/blog\/?p=472"},"modified":"2019-10-18T08:14:43","modified_gmt":"2019-10-18T07:14:43","slug":"je-suis-de-nouveau-en-balade-une-nouvelle-passion-la-randonnee","status":"publish","type":"post","link":"https:\/\/www.spadreams.fr\/blog\/je-suis-de-nouveau-en-balade-une-nouvelle-passion-la-randonnee\/","title":{"rendered":"Je suis de nouveau en balade \u2013 une nouvelle passion : la randonn\u00e9e"},"content":{"rendered":"<h4 style=\"text-align: center\"><strong>Retour aux sources \u2013 La marche et la randonn\u00e9e comme panac\u00e9es<\/strong><img decoding=\"async\" loading=\"lazy\" class=\"size-medium wp-image-474 aligncenter\" src=\"https:\/\/www.spadreams.fr\/blog\/wp-content\/uploads\/sites\/8\/2016\/07\/wander-im-urlaub-300x201.jpg\" alt=\"change\" width=\"300\" height=\"201\" srcset=\"https:\/\/www.spadreams.fr\/blog\/wp-content\/uploads\/sites\/8\/2016\/07\/wander-im-urlaub-300x201.jpg 300w, https:\/\/www.spadreams.fr\/blog\/wp-content\/uploads\/sites\/8\/2016\/07\/wander-im-urlaub-768x514.jpg 768w, https:\/\/www.spadreams.fr\/blog\/wp-content\/uploads\/sites\/8\/2016\/07\/wander-im-urlaub-600x401.jpg 600w, https:\/\/www.spadreams.fr\/blog\/wp-content\/uploads\/sites\/8\/2016\/07\/wander-im-urlaub-800x535.jpg 800w, https:\/\/www.spadreams.fr\/blog\/wp-content\/uploads\/sites\/8\/2016\/07\/wander-im-urlaub-227x152.jpg 227w, https:\/\/www.spadreams.fr\/blog\/wp-content\/uploads\/sites\/8\/2016\/07\/wander-im-urlaub-143x96.jpg 143w, https:\/\/www.spadreams.fr\/blog\/wp-content\/uploads\/sites\/8\/2016\/07\/wander-im-urlaub-585x390.jpg 585w, https:\/\/www.spadreams.fr\/blog\/wp-content\/uploads\/sites\/8\/2016\/07\/wander-im-urlaub-385x257.jpg 385w, https:\/\/www.spadreams.fr\/blog\/wp-content\/uploads\/sites\/8\/2016\/07\/wander-im-urlaub.jpg 1000w\" sizes=\"(max-width: 300px) 100vw, 300px\" \/><\/h4>\n<p style=\"text-align: justify\">Il y a quelques ann\u00e9es encore, on se moquait des randonneurs qui passaient. Cela a fondamentalement chang\u00e9. Le stress de la vie quotidienne \u00e9veille un d\u00e9sir d\u2019\u00e9vasion, d\u2019\u00eatre plus pr\u00e8s de la nature et de mener un mode de vie plus sain. La randonn\u00e9e est de ce fait l\u2019activit\u00e9 sportive id\u00e9ale&nbsp;: elle est vari\u00e9e et elle renforce le syst\u00e8me immunitaire, stimule le m\u00e9tabolisme, r\u00e9duit le stress et am\u00e9liore la condition physique.<\/p>\n<h4 style=\"text-align: center\"><strong>La Randonn\u00e9e p\u00e9destre&nbsp;: un ph\u00e9nom\u00e8ne de mode<\/strong><\/h4>\n<p style=\"text-align: justify\">Le port d\u2019un sportwear pratique, de plein air, de trekking est plus en vogue que jamais, m\u00eame si tous ceux qui portent ces v\u00eatements, ne se baladent pas toujours dans la nature\u2026 Les v\u00eatements de randonn\u00e9e donnent un look sportif, leurs coupes et leurs couleurs sont \u00e0 la mode. Les tissus fonctionnels coupe-vent, imperm\u00e9ables et respirants sont l\u00e9gers et trouvent une vaste gamme d\u2019application dans les v\u00eatements de loisir. <img decoding=\"async\" loading=\"lazy\" class=\"size-medium wp-image-482 alignleft\" src=\"https:\/\/www.spadreams.fr\/blog\/wp-content\/uploads\/sites\/8\/2016\/07\/\u00e9chauffement_marche-300x200.jpg\" alt=\"couple sportif marche\" width=\"300\" height=\"200\" srcset=\"https:\/\/www.spadreams.fr\/blog\/wp-content\/uploads\/sites\/8\/2016\/07\/\u00e9chauffement_marche-300x200.jpg 300w, https:\/\/www.spadreams.fr\/blog\/wp-content\/uploads\/sites\/8\/2016\/07\/\u00e9chauffement_marche-768x512.jpg 768w, https:\/\/www.spadreams.fr\/blog\/wp-content\/uploads\/sites\/8\/2016\/07\/\u00e9chauffement_marche-600x400.jpg 600w, https:\/\/www.spadreams.fr\/blog\/wp-content\/uploads\/sites\/8\/2016\/07\/\u00e9chauffement_marche-800x534.jpg 800w, https:\/\/www.spadreams.fr\/blog\/wp-content\/uploads\/sites\/8\/2016\/07\/\u00e9chauffement_marche-227x152.jpg 227w, https:\/\/www.spadreams.fr\/blog\/wp-content\/uploads\/sites\/8\/2016\/07\/\u00e9chauffement_marche-143x96.jpg 143w, https:\/\/www.spadreams.fr\/blog\/wp-content\/uploads\/sites\/8\/2016\/07\/\u00e9chauffement_marche-585x390.jpg 585w, https:\/\/www.spadreams.fr\/blog\/wp-content\/uploads\/sites\/8\/2016\/07\/\u00e9chauffement_marche-385x257.jpg 385w, https:\/\/www.spadreams.fr\/blog\/wp-content\/uploads\/sites\/8\/2016\/07\/\u00e9chauffement_marche.jpg 1000w\" sizes=\"(max-width: 300px) 100vw, 300px\" \/>Bien que la randonn\u00e9e soit une activit\u00e9 sportive ne n\u00e9cessitant aucune tenue particuli\u00e8re, les chaussures de randonn\u00e9e, les b\u00e2tons qui soulagent les articulations, les sacs \u00e0 dos et autres accessoires sont toujours plus fonctionnels et suivent de plus en plus la mode en rendant cette activit\u00e9 nature toujours plus attrayante pour les <strong>sportifs actifs et soucieux de leur sant\u00e9<\/strong>. En tout cas, un \u00e9quipement de qualit\u00e9 est pour beaucoup la condition premi\u00e8re d\u2019un bon feeling lors de la pratique de ce sport et pour d\u00e9couvrir au mieux ce passe-temps.<\/p>\n<h4 style=\"text-align: center\"><strong>Le renouveau de la randonn\u00e9e p\u00e9destre \u2013 la marche est une activit\u00e9 sportive<\/strong><\/h4>\n<p style=\"text-align: justify\">La randonn\u00e9e est consid\u00e9r\u00e9e comme une remise en forme douce et une <strong>source de sant\u00e9 physique et mentale<\/strong>. Ce sport nature simple a quelque chose en soi et les 40 millions d\u2019allemands et plus (et la tendance est \u00e0 la hausse) qui le pratiquent ne peuvent pas se tromper. Seule la pratique de la randonn\u00e9e permet avec tous ses sens de&nbsp; profiter intens\u00e9ment de la nature, ce qui dans notre monde hautement civilis\u00e9e est devenu introuvable&nbsp;; il n\u2019existe pas non plus d\u2019autre activit\u00e9 de loisir procurant \u00e0 long terme une d\u00e9tente attest\u00e9e. Tout cela contribue certainement au nouveau et au <strong>regain de popularit\u00e9<\/strong> de la randonn\u00e9e. <img decoding=\"async\" loading=\"lazy\" class=\"size-medium wp-image-480 alignright\" src=\"https:\/\/www.spadreams.fr\/blog\/wp-content\/uploads\/sites\/8\/2016\/07\/marche_plage-300x225.jpg\" alt=\"marche, plage, romantique\" width=\"300\" height=\"225\" srcset=\"https:\/\/www.spadreams.fr\/blog\/wp-content\/uploads\/sites\/8\/2016\/07\/marche_plage-300x225.jpg 300w, https:\/\/www.spadreams.fr\/blog\/wp-content\/uploads\/sites\/8\/2016\/07\/marche_plage-768x576.jpg 768w, https:\/\/www.spadreams.fr\/blog\/wp-content\/uploads\/sites\/8\/2016\/07\/marche_plage-600x450.jpg 600w, https:\/\/www.spadreams.fr\/blog\/wp-content\/uploads\/sites\/8\/2016\/07\/marche_plage.jpg 800w, https:\/\/www.spadreams.fr\/blog\/wp-content\/uploads\/sites\/8\/2016\/07\/marche_plage-141x106.jpg 141w, https:\/\/www.spadreams.fr\/blog\/wp-content\/uploads\/sites\/8\/2016\/07\/marche_plage-380x285.jpg 380w, https:\/\/www.spadreams.fr\/blog\/wp-content\/uploads\/sites\/8\/2016\/07\/marche_plage-247x186.jpg 247w\" sizes=\"(max-width: 300px) 100vw, 300px\" \/>M\u00eame le mouvement r\u00e9gulier qui&nbsp; provoque obligatoirement une saine fatigue et une sensation de bien-\u00eatre corporel, est per\u00e7u comme extr\u00eamement agr\u00e9able parce que justement ce mouvement correspond exactement \u00e0 ce qui est trop souvent n\u00e9glig\u00e9 dans la vie quotidienne. Que vous soyez seul ou accompagn\u00e9, la randonn\u00e9e p\u00e9destre, tout comme les s\u00e9jours randonn\u00e9es est tout \u00e0 fait en vogue et sa pratique procure de plus un sentiment nouveau, celui de faire partie d\u2019un groupe.<\/p>\n<h4 style=\"text-align: center\"><strong>Une activit\u00e9 sportive de pleine nature \u2013\u00e9l\u00e9ment constitutif du concept de sant\u00e9.<\/strong><\/h4>\n<p style=\"text-align: justify\">Les h\u00f4tels de bien-\u00eatre, de soins sant\u00e9 o\u00f9 on peut pratiquer la marche se sont adapt\u00e9s aux besoins des randonneurs et du tourisme de randonn\u00e9e&nbsp;; ils se sont \u00e9tablis dans les zones de randonn\u00e9e les meilleures, avec des voies naturelles bien entretenues, des sentiers balis\u00e9s adapt\u00e9s au niveau de chaque randonneur. La moyenne montagne pour le plus grand plaisir du randonneur, offre un air sain, des for\u00eats denses, des paysages vari\u00e9s, des prairies verdoyantes et des <strong>vues imprenables&nbsp;; <\/strong>elle est de ce fait &nbsp;tr\u00e8s pris\u00e9e des marcheurs. Ainsi, des randonn\u00e9es dans la &nbsp;<strong>For\u00eat<\/strong><strong> de Teutoburg<\/strong> se laissent id\u00e9alement combiner avec un <u>s\u00e9jour sant\u00e9<\/u> et bien-\u00eatre, pour lesquels d\u2019ailleurs il existe m\u00eame des forfaits sp\u00e9ciaux ainsi que des randonn\u00e9es accompagn\u00e9es dans les villes thermales. En Allemagne, la Bavi\u00e8re est en particulier l&#8217;une des r\u00e9gions de randonn\u00e9e les plus pris\u00e9es, et la for\u00eat de Franconie offre des r\u00e9seaux de sentiers en boucle, \u00e0 th\u00e8me extr\u00eamement bien entretenus.&nbsp;<img decoding=\"async\" loading=\"lazy\" class=\"size-medium wp-image-485 alignleft\" src=\"https:\/\/www.spadreams.fr\/blog\/wp-content\/uploads\/sites\/8\/2016\/07\/Wanderer-1-300x200.jpg\" alt=\"randonn\u00e9e en pleine nature, for\u00eats et montagnes\" width=\"300\" height=\"200\" srcset=\"https:\/\/www.spadreams.fr\/blog\/wp-content\/uploads\/sites\/8\/2016\/07\/Wanderer-1-300x200.jpg 300w, https:\/\/www.spadreams.fr\/blog\/wp-content\/uploads\/sites\/8\/2016\/07\/Wanderer-1-768x511.jpg 768w, https:\/\/www.spadreams.fr\/blog\/wp-content\/uploads\/sites\/8\/2016\/07\/Wanderer-1-600x399.jpg 600w, https:\/\/www.spadreams.fr\/blog\/wp-content\/uploads\/sites\/8\/2016\/07\/Wanderer-1-800x532.jpg 800w, https:\/\/www.spadreams.fr\/blog\/wp-content\/uploads\/sites\/8\/2016\/07\/Wanderer-1-227x152.jpg 227w, https:\/\/www.spadreams.fr\/blog\/wp-content\/uploads\/sites\/8\/2016\/07\/Wanderer-1-143x96.jpg 143w, https:\/\/www.spadreams.fr\/blog\/wp-content\/uploads\/sites\/8\/2016\/07\/Wanderer-1-585x390.jpg 585w, https:\/\/www.spadreams.fr\/blog\/wp-content\/uploads\/sites\/8\/2016\/07\/Wanderer-1.jpg 849w\" sizes=\"(max-width: 300px) 100vw, 300px\" \/>Bad T\u00f6lz permet de s\u2019initier facilement \u00e0 la randonn\u00e9e et un&nbsp; &#8220;biomoniteur&#8221; vous renseignera sur le sentier, parmi les 30 appartenant au r\u00e9seau climatique, qui convient &nbsp;le mieux \u00e0 votre condition physique. Pour ceux qui, pour des raisons de sant\u00e9 pr\u00e9f\u00e8rent le <strong>climat vivifiant de la mer Baltique<\/strong>, la r\u00e9gion c\u00f4ti\u00e8re <strong>Warnsdorf<\/strong> &nbsp;offre \u00e9galement de splendides sentiers de randonn\u00e9es et d&#8217;excellents soins bien-\u00eatre et sant\u00e9.<\/p>\n<p>Plus d&#8217;informations sur : <a href=\"https:\/\/www.spadreams.fr\/sport-forme\/randonnee-marche-nordique\/\">https:\/\/www.spadreams.fr\/sport-forme\/randonnee-marche-nordique\/<\/a><\/p>\n","protected":false},"excerpt":{"rendered":"<p>Retour aux sources \u2013 La marche et la randonn\u00e9e comme panac\u00e9es Il y a quelques ann\u00e9es encore, on se moquait des randonneurs qui passaient. Cela a fondamentalement chang\u00e9. Le stress de la vie quotidienne \u00e9veille un d\u00e9sir d\u2019\u00e9vasion, d\u2019\u00eatre plus pr\u00e8s de la nature et de mener un mode de vie plus sain. La randonn\u00e9e [&hellip;]<\/p>\n","protected":false},"author":20,"featured_media":1732,"comment_status":"closed","ping_status":"closed","sticky":false,"template":"","format":"standard","meta":{"wprm-recipe-roundup-name":"","wprm-recipe-roundup-description":"","footnotes":""},"categories":[513],"tags":[73,252,278,344,413,447],"yoast_head":"<!-- This site is optimized with the Yoast SEO plugin v22.6 - https:\/\/yoast.com\/wordpress\/plugins\/seo\/ -->\n<title>Une nouvelle passion : la randonn\u00e9e<\/title>\n<meta name=\"description\" content=\"Le stress de la vie quotidienne \u00e9veille un d\u00e9sir d\u2019\u00e9vasion, d\u2019\u00eatre plus pr\u00e8s de la nature et de mener un mode de vie plus sain.\" \/>\n<meta name=\"robots\" content=\"index, follow, max-snippet:-1, max-image-preview:large, max-video-preview:-1\" \/>\n<meta property=\"og:locale\" content=\"fr_FR\" \/>\n<meta property=\"og:type\" content=\"article\" \/>\n<meta property=\"og:title\" content=\"Une nouvelle passion : la randonn\u00e9e\" \/>\n<meta property=\"og:description\" content=\"Le stress de la vie quotidienne \u00e9veille un d\u00e9sir d\u2019\u00e9vasion, d\u2019\u00eatre plus pr\u00e8s de la nature et de mener un mode de vie plus sain.\" \/>\n<meta property=\"og:url\" content=\"https:\/\/www.spadreams.fr\/blog\/je-suis-de-nouveau-en-balade-une-nouvelle-passion-la-randonnee\/\" \/>\n<meta property=\"og:site_name\" content=\"Blog SpaDreams\" \/>\n<meta property=\"article:published_time\" content=\"2016-07-12T13:29:03+00:00\" \/>\n<meta property=\"article:modified_time\" content=\"2019-10-18T07:14:43+00:00\" \/>\n<meta property=\"og:image\" content=\"https:\/\/www.spadreams.fr\/blog\/wp-content\/uploads\/sites\/8\/2016\/07\/wandern-hike-mountain-berg.jpg\" \/>\n\t<meta property=\"og:image:width\" content=\"2000\" \/>\n\t<meta property=\"og:image:height\" content=\"1334\" \/>\n\t<meta property=\"og:image:type\" content=\"image\/jpeg\" \/>\n<meta name=\"author\" content=\"R\u00e9daction SpaDreams\" \/>\n<meta name=\"twitter:card\" content=\"summary_large_image\" \/>\n<meta name=\"twitter:label1\" content=\"\u00c9crit par\" \/>\n\t<meta name=\"twitter:data1\" content=\"R\u00e9daction SpaDreams\" \/>\n\t<meta name=\"twitter:label2\" content=\"Dur\u00e9e de lecture estim\u00e9e\" \/>\n\t<meta name=\"twitter:data2\" content=\"4 minutes\" \/>\n<script type=\"application\/ld+json\" class=\"yoast-schema-graph\">{\"@context\":\"https:\/\/schema.org\",\"@graph\":[{\"@type\":\"WebPage\",\"@id\":\"https:\/\/www.spadreams.fr\/blog\/je-suis-de-nouveau-en-balade-une-nouvelle-passion-la-randonnee\/\",\"url\":\"https:\/\/www.spadreams.fr\/blog\/je-suis-de-nouveau-en-balade-une-nouvelle-passion-la-randonnee\/\",\"name\":\"Une nouvelle passion : la randonn\u00e9e\",\"isPartOf\":{\"@id\":\"https:\/\/www.spadreams.fr\/blog\/#website\"},\"primaryImageOfPage\":{\"@id\":\"https:\/\/www.spadreams.fr\/blog\/je-suis-de-nouveau-en-balade-une-nouvelle-passion-la-randonnee\/#primaryimage\"},\"image\":{\"@id\":\"https:\/\/www.spadreams.fr\/blog\/je-suis-de-nouveau-en-balade-une-nouvelle-passion-la-randonnee\/#primaryimage\"},\"thumbnailUrl\":\"https:\/\/www.spadreams.fr\/blog\/wp-content\/uploads\/sites\/8\/2016\/07\/wandern-hike-mountain-berg.jpg\",\"datePublished\":\"2016-07-12T13:29:03+00:00\",\"dateModified\":\"2019-10-18T07:14:43+00:00\",\"author\":{\"@id\":\"https:\/\/www.spadreams.fr\/blog\/#\/schema\/person\/6d4f2e7705bba123a877fc8b92cf1771\"},\"description\":\"Le stress de la vie quotidienne \u00e9veille un d\u00e9sir d\u2019\u00e9vasion, d\u2019\u00eatre plus pr\u00e8s de la nature et de mener un mode de vie plus sain.\",\"breadcrumb\":{\"@id\":\"https:\/\/www.spadreams.fr\/blog\/je-suis-de-nouveau-en-balade-une-nouvelle-passion-la-randonnee\/#breadcrumb\"},\"inLanguage\":\"fr-FR\",\"potentialAction\":[{\"@type\":\"ReadAction\",\"target\":[\"https:\/\/www.spadreams.fr\/blog\/je-suis-de-nouveau-en-balade-une-nouvelle-passion-la-randonnee\/\"]}]},{\"@type\":\"ImageObject\",\"inLanguage\":\"fr-FR\",\"@id\":\"https:\/\/www.spadreams.fr\/blog\/je-suis-de-nouveau-en-balade-une-nouvelle-passion-la-randonnee\/#primaryimage\",\"url\":\"https:\/\/www.spadreams.fr\/blog\/wp-content\/uploads\/sites\/8\/2016\/07\/wandern-hike-mountain-berg.jpg\",\"contentUrl\":\"https:\/\/www.spadreams.fr\/blog\/wp-content\/uploads\/sites\/8\/2016\/07\/wandern-hike-mountain-berg.jpg\",\"width\":2000,\"height\":1334,\"caption\":\"Travel Slovenia, Europe. Woman looking on Bled Lake with Island, Castle and Alps Mountain on background. Top view. Bled Lake one of most amazing tourist attractions. Sunset winter nature landscape.\"},{\"@type\":\"BreadcrumbList\",\"@id\":\"https:\/\/www.spadreams.fr\/blog\/je-suis-de-nouveau-en-balade-une-nouvelle-passion-la-randonnee\/#breadcrumb\",\"itemListElement\":[{\"@type\":\"ListItem\",\"position\":1,\"name\":\"Home\",\"item\":\"https:\/\/www.spadreams.fr\/blog\/\"},{\"@type\":\"ListItem\",\"position\":2,\"name\":\"Voyages sant\u00e9\",\"item\":\"https:\/\/www.spadreams.fr\/blog\/voyages-sante\/\"},{\"@type\":\"ListItem\",\"position\":3,\"name\":\"Je suis de nouveau en balade \u2013 une nouvelle passion : la randonn\u00e9e\"}]},{\"@type\":\"WebSite\",\"@id\":\"https:\/\/www.spadreams.fr\/blog\/#website\",\"url\":\"https:\/\/www.spadreams.fr\/blog\/\",\"name\":\"Blog SpaDreams\",\"description\":\"Entrez dans l&#039;univers du bien-\u00eatre et de la sant\u00e9\",\"potentialAction\":[{\"@type\":\"SearchAction\",\"target\":{\"@type\":\"EntryPoint\",\"urlTemplate\":\"https:\/\/www.spadreams.fr\/blog\/?s={search_term_string}\"},\"query-input\":\"required name=search_term_string\"}],\"inLanguage\":\"fr-FR\"},{\"@type\":\"Person\",\"@id\":\"https:\/\/www.spadreams.fr\/blog\/#\/schema\/person\/6d4f2e7705bba123a877fc8b92cf1771\",\"name\":\"R\u00e9daction SpaDreams\",\"image\":{\"@type\":\"ImageObject\",\"inLanguage\":\"fr-FR\",\"@id\":\"https:\/\/www.spadreams.fr\/blog\/#\/schema\/person\/image\/\",\"url\":\"https:\/\/secure.gravatar.com\/avatar\/49a7de54bed8acfe3416c0fbedbf62f3?s=96&d=mm&r=g\",\"contentUrl\":\"https:\/\/secure.gravatar.com\/avatar\/49a7de54bed8acfe3416c0fbedbf62f3?s=96&d=mm&r=g\",\"caption\":\"R\u00e9daction SpaDreams\"},\"url\":\"https:\/\/www.spadreams.fr\/blog\/author\/fr-admin\/\"}]}<\/script>\n<!-- \/ Yoast SEO plugin. -->","yoast_head_json":{"title":"Une nouvelle passion : la randonn\u00e9e","description":"Le stress de la vie quotidienne \u00e9veille un d\u00e9sir d\u2019\u00e9vasion, d\u2019\u00eatre plus pr\u00e8s de la nature et de mener un mode de vie plus sain.","robots":{"index":"index","follow":"follow","max-snippet":"max-snippet:-1","max-image-preview":"max-image-preview:large","max-video-preview":"max-video-preview:-1"},"og_locale":"fr_FR","og_type":"article","og_title":"Une nouvelle passion : la randonn\u00e9e","og_description":"Le stress de la vie quotidienne \u00e9veille un d\u00e9sir d\u2019\u00e9vasion, d\u2019\u00eatre plus pr\u00e8s de la nature et de mener un mode de vie plus sain.","og_url":"https:\/\/www.spadreams.fr\/blog\/je-suis-de-nouveau-en-balade-une-nouvelle-passion-la-randonnee\/","og_site_name":"Blog SpaDreams","article_published_time":"2016-07-12T13:29:03+00:00","article_modified_time":"2019-10-18T07:14:43+00:00","og_image":[{"width":2000,"height":1334,"url":"https:\/\/www.spadreams.fr\/blog\/wp-content\/uploads\/sites\/8\/2016\/07\/wandern-hike-mountain-berg.jpg","type":"image\/jpeg"}],"author":"R\u00e9daction SpaDreams","twitter_card":"summary_large_image","twitter_misc":{"\u00c9crit par":"R\u00e9daction SpaDreams","Dur\u00e9e de lecture estim\u00e9e":"4 minutes"},"schema":{"@context":"https:\/\/schema.org","@graph":[{"@type":"WebPage","@id":"https:\/\/www.spadreams.fr\/blog\/je-suis-de-nouveau-en-balade-une-nouvelle-passion-la-randonnee\/","url":"https:\/\/www.spadreams.fr\/blog\/je-suis-de-nouveau-en-balade-une-nouvelle-passion-la-randonnee\/","name":"Une nouvelle passion : la randonn\u00e9e","isPartOf":{"@id":"https:\/\/www.spadreams.fr\/blog\/#website"},"primaryImageOfPage":{"@id":"https:\/\/www.spadreams.fr\/blog\/je-suis-de-nouveau-en-balade-une-nouvelle-passion-la-randonnee\/#primaryimage"},"image":{"@id":"https:\/\/www.spadreams.fr\/blog\/je-suis-de-nouveau-en-balade-une-nouvelle-passion-la-randonnee\/#primaryimage"},"thumbnailUrl":"https:\/\/www.spadreams.fr\/blog\/wp-content\/uploads\/sites\/8\/2016\/07\/wandern-hike-mountain-berg.jpg","datePublished":"2016-07-12T13:29:03+00:00","dateModified":"2019-10-18T07:14:43+00:00","author":{"@id":"https:\/\/www.spadreams.fr\/blog\/#\/schema\/person\/6d4f2e7705bba123a877fc8b92cf1771"},"description":"Le stress de la vie quotidienne \u00e9veille un d\u00e9sir d\u2019\u00e9vasion, d\u2019\u00eatre plus pr\u00e8s de la nature et de mener un mode de vie plus sain.","breadcrumb":{"@id":"https:\/\/www.spadreams.fr\/blog\/je-suis-de-nouveau-en-balade-une-nouvelle-passion-la-randonnee\/#breadcrumb"},"inLanguage":"fr-FR","potentialAction":[{"@type":"ReadAction","target":["https:\/\/www.spadreams.fr\/blog\/je-suis-de-nouveau-en-balade-une-nouvelle-passion-la-randonnee\/"]}]},{"@type":"ImageObject","inLanguage":"fr-FR","@id":"https:\/\/www.spadreams.fr\/blog\/je-suis-de-nouveau-en-balade-une-nouvelle-passion-la-randonnee\/#primaryimage","url":"https:\/\/www.spadreams.fr\/blog\/wp-content\/uploads\/sites\/8\/2016\/07\/wandern-hike-mountain-berg.jpg","contentUrl":"https:\/\/www.spadreams.fr\/blog\/wp-content\/uploads\/sites\/8\/2016\/07\/wandern-hike-mountain-berg.jpg","width":2000,"height":1334,"caption":"Travel Slovenia, Europe. Woman looking on Bled Lake with Island, Castle and Alps Mountain on background. Top view. Bled Lake one of most amazing tourist attractions. Sunset winter nature landscape."},{"@type":"BreadcrumbList","@id":"https:\/\/www.spadreams.fr\/blog\/je-suis-de-nouveau-en-balade-une-nouvelle-passion-la-randonnee\/#breadcrumb","itemListElement":[{"@type":"ListItem","position":1,"name":"Home","item":"https:\/\/www.spadreams.fr\/blog\/"},{"@type":"ListItem","position":2,"name":"Voyages sant\u00e9","item":"https:\/\/www.spadreams.fr\/blog\/voyages-sante\/"},{"@type":"ListItem","position":3,"name":"Je suis de nouveau en balade \u2013 une nouvelle passion : la randonn\u00e9e"}]},{"@type":"WebSite","@id":"https:\/\/www.spadreams.fr\/blog\/#website","url":"https:\/\/www.spadreams.fr\/blog\/","name":"Blog SpaDreams","description":"Entrez dans l&#039;univers du bien-\u00eatre et de la sant\u00e9","potentialAction":[{"@type":"SearchAction","target":{"@type":"EntryPoint","urlTemplate":"https:\/\/www.spadreams.fr\/blog\/?s={search_term_string}"},"query-input":"required name=search_term_string"}],"inLanguage":"fr-FR"},{"@type":"Person","@id":"https:\/\/www.spadreams.fr\/blog\/#\/schema\/person\/6d4f2e7705bba123a877fc8b92cf1771","name":"R\u00e9daction SpaDreams","image":{"@type":"ImageObject","inLanguage":"fr-FR","@id":"https:\/\/www.spadreams.fr\/blog\/#\/schema\/person\/image\/","url":"https:\/\/secure.gravatar.com\/avatar\/49a7de54bed8acfe3416c0fbedbf62f3?s=96&d=mm&r=g","contentUrl":"https:\/\/secure.gravatar.com\/avatar\/49a7de54bed8acfe3416c0fbedbf62f3?s=96&d=mm&r=g","caption":"R\u00e9daction SpaDreams"},"url":"https:\/\/www.spadreams.fr\/blog\/author\/fr-admin\/"}]}},"_links":{"self":[{"href":"https:\/\/www.spadreams.fr\/blog\/wp-json\/wp\/v2\/posts\/472"}],"collection":[{"href":"https:\/\/www.spadreams.fr\/blog\/wp-json\/wp\/v2\/posts"}],"about":[{"href":"https:\/\/www.spadreams.fr\/blog\/wp-json\/wp\/v2\/types\/post"}],"author":[{"embeddable":true,"href":"https:\/\/www.spadreams.fr\/blog\/wp-json\/wp\/v2\/users\/20"}],"replies":[{"embeddable":true,"href":"https:\/\/www.spadreams.fr\/blog\/wp-json\/wp\/v2\/comments?post=472"}],"version-history":[{"count":1,"href":"https:\/\/www.spadreams.fr\/blog\/wp-json\/wp\/v2\/posts\/472\/revisions"}],"predecessor-version":[{"id":1733,"href":"https:\/\/www.spadreams.fr\/blog\/wp-json\/wp\/v2\/posts\/472\/revisions\/1733"}],"wp:featuredmedia":[{"embeddable":true,"href":"https:\/\/www.spadreams.fr\/blog\/wp-json\/wp\/v2\/media\/1732"}],"wp:attachment":[{"href":"https:\/\/www.spadreams.fr\/blog\/wp-json\/wp\/v2\/media?parent=472"}],"wp:term":[{"taxonomy":"category","embeddable":true,"href":"https:\/\/www.spadreams.fr\/blog\/wp-json\/wp\/v2\/categories?post=472"},{"taxonomy":"post_tag","embeddable":true,"href":"https:\/\/www.spadreams.fr\/blog\/wp-json\/wp\/v2\/tags?post=472"}],"curies":[{"name":"wp","href":"https:\/\/api.w.org\/{rel}","templated":true}]}}